{"id":210622,"date":"2021-09-21T15:16:06","date_gmt":"2021-09-21T18:16:06","guid":{"rendered":"https:\/\/www.redenoticia.com.br\/noticia\/?p=210622"},"modified":"2021-09-21T15:16:06","modified_gmt":"2021-09-21T18:16:06","slug":"resumo-amores-verdadeiros-22-09-aguiar-descobre-que-liliana-nao-e-sua-filha","status":"publish","type":"post","link":"https:\/\/migracao.redenoticia.com.br\/noticia\/2021\/resumo-amores-verdadeiros-22-09-aguiar-descobre-que-liliana-nao-e-sua-filha\/210622","title":{"rendered":"Resumo &#8220;Amores Verdadeiros&#8221; 22\/09: Aguiar descobre que Liliana n\u00e3o \u00e9 sua filha"},"content":{"rendered":"<p><img loading=\"lazy\" decoding=\"async\" src=\"https:\/\/migracao.redenoticia.com.br\/noticia\/imagens\/amores-verdadeiros-resumo-elenco.jpg\" alt=\"\" width=\"1280\" height=\"720\" class=\"aligncenter size-full wp-image-203224\" srcset=\"https:\/\/migracao.redenoticia.com.br\/noticia\/imagens\/amores-verdadeiros-resumo-elenco.jpg 1280w, https:\/\/migracao.redenoticia.com.br\/noticia\/imagens\/amores-verdadeiros-resumo-elenco-250x140.jpg 250w, https:\/\/migracao.redenoticia.com.br\/noticia\/imagens\/amores-verdadeiros-resumo-elenco-400x225.jpg 400w, https:\/\/migracao.redenoticia.com.br\/noticia\/imagens\/amores-verdadeiros-resumo-elenco-768x432.jpg 768w, https:\/\/migracao.redenoticia.com.br\/noticia\/imagens\/amores-verdadeiros-resumo-elenco-150x85.jpg 150w\" sizes=\"auto, (max-width: 1280px) 100vw, 1280px\" \/><br \/>\n<strong><em>Resumo da novela &#8220;Amores Verdadeiros&#8221;<\/em><\/strong> em 22\/09: no cap\u00edtulo 163(*) da novela, Vicente e Adriana est\u00e3o ansiosos para que Lili descubra a verdade sobre sua verdadeira ascend\u00eancia. Eles se preocupam sobre como Aguiar vai receber a not\u00edcia.<\/p>\n<p>Os preparativos para a boda est\u00e3o em andamento.<\/p>\n<p>An\u00edbal fala consigo, na igreja, ainda desocupada. Ele chama o casamento de farsa. Candel\u00e1ria \u00e9 t\u00e3o ing\u00eanua em acreditar que algum dia contar\u00e1 a Adriana que Lili \u00e9 filha dela.<\/p>\n<p>Nelson precisa acertar contas com An\u00edbal. Que lugar melhor para fazer isso do que no casamento? Ele est\u00e1 contando isso a Kendra e ela tenta desencoraj\u00e1-lo. Eles tamb\u00e9m falam sobre ele conseguir um emprego em uma ag\u00eancia em Chicago.<\/p>\n<p>Todos est\u00e3o se reunindo na igreja para o casamento. Durante a cerim\u00f4nia, Nelson entra e segura a carta incriminadora que Candel\u00e1ria escreveu para Aguiar e Lili.<\/p>\n<p>Ele mostra a carta que roubou da casa de Aguiar e diz que tem um presente para os noivos.<\/p>\n<p>Salviano tem um ataque de consci\u00eancia. Ele est\u00e1 preocupado em ser um modelo inadequado para Guille. Ele teme que Beatriz o chute para o meio-fio se ela descobrir sobre seu passado.<\/p>\n<p>Nelson n\u00e3o \u00e9 gentil em revelar a not\u00edcia. An\u00edbal grita para ele calar a boca. Candel\u00e1ria parece fr\u00e1gil e as l\u00e1grimas escorrem pelo rosto.<\/p>\n<p>Aguiar tem um colapso quando ouve a not\u00edcia. Lili n\u00e3o \u00e9 sua filha de sangue. Lili chora. Aguiar grita.<\/p>\n<p>Vicente decide que esta \u00e9 a hora de estender a m\u00e3o para Lili, como seu pai. Aguiar se desespera.<\/p>\n<p>Salviano busca o conselho da madrinha. Ela sugere que talvez seja hora de confessar tudo a Beatriz. Sua madrinha o lembra que ele tamb\u00e9m foi capaz de proteger as Balvaneiras.<\/p>\n<p>De volta \u00e0 igreja, a verdade \u00e9 extra\u00edda dolorosamente, pouco a pouco. Toda a hist\u00f3ria da troca do beb\u00ea. Vicente acusa Nelson de v\u00e1rios crimes. Aguiar confronta Candel\u00e1ria e fica especialmente chateado porque ele e Cristina n\u00e3o tiveram permiss\u00e3o para chorar por seu pr\u00f3prio beb\u00ea, que nasceu morto. Candel\u00e1ria explica que ela fez o que fez por amor, e estava tentando proteg\u00ea-los da dor.<\/p>\n<p>An\u00edbal fica especialmente chateado quando Lili o despreza. Ele diz que tem grandes planos para ela. Ela responde que nunca vai perdo\u00e1-lo por querer que ela fosse mandada para um orfanato. Aguiar est\u00e1 lendo a carta para o grupo. Choque e pavor.<\/p>\n<p>Aguiar vagueia do lado de fora, come\u00e7ando a perder a vis\u00e3o, enquanto tenta digerir a not\u00edcia. Guille pega Poliana tentando escutar o drama que est\u00e1 acontecendo dentro da igreja. Guille a repreende e diz a ela que escutar n\u00e3o \u00e9 certo. Ela concorda e eles v\u00e3o orar por todos.<\/p>\n<p>Kendra envia Roberto Espanto para seguir Aguiar. Supostamente Roberto Espanto deveria impedir Nelson, mas tarde demais para isso.<\/p>\n<p>Adriana quer denunciar An\u00edbal \u00e0 pol\u00edcia.<\/p>\n<p>Lili est\u00e1 claramente perturbada e tudo o que ela quer \u00e9 encontrar Aguiar e dizer que o ama, e que ele \u00e9 seu \u00fanico pai. Vicente parece muito triste com isso.<\/p>\n<p>Lili n\u00e3o perdoa Candel\u00e1ria pela troca do beb\u00ea, embora seja explicado que ela n\u00e3o sabia que a crian\u00e7a havia sido roubada de Adriana. Ela pensava que o beb\u00ea iria apodrecer em um orfanato.<\/p>\n<p>Aguiar deixa a igreja e caminha pelas ruas. Vit\u00f3ria est\u00e1 preocupada. Nikki e Gusm\u00e3o v\u00e3o procur\u00e1-lo. Aguiar trope\u00e7a em algo quando sua cegueira hist\u00e9rica se instala. Pessoas preocupadas correm at\u00e9 ele para descobrir o que est\u00e1 errado.<\/p>\n<p>An\u00edbal tira a bagagem do porta-malas. Ele dirige sozinho.<\/p>\n<p>Vicente est\u00e1 muito feliz em falar com Lili como seu pai. Ele deixa claro que n\u00e3o pode substituir Aguiar como seu pai de 18 anos, mas quer que ela saiba que ele teria adorado ser seu pai se as coisas n\u00e3o tivessem sido t\u00e3o complicadas. Lili \u00e9 receptiva a Vicente e Adriana e \u00e9 am\u00e1vel, mas n\u00e3o consegue parar de pensar no quanto seu pai est\u00e1 sofrendo. Lili busca o abra\u00e7o reconfortante de Vit\u00f3ria.<\/p>\n<p>Nelson retorna ao seu apartamento, expressa seu amor pela filha Mia, e ent\u00e3o pensa consigo mesmo que ele estar\u00e1 come\u00e7ando uma nova vida em Chicago, onde fica seu novo emprego.<\/p>\n<p>Aguiar est\u00e1 quase completamente cego quando conhece uma garota, que tamb\u00e9m se chama Lili. Ele chora. Aguiar come\u00e7a a atravessar a rua e est\u00e1 a ponto de ser atropelado.<\/p>\n<p>(*) edi\u00e7\u00e3o das novelas do SBT, &#8220;Amores Verdadeiros&#8221;, sujeito a altera\u00e7\u00e3o de data e conte\u00fado.<\/p>\n<p>Sinopse &#8220;Amores Verdadeiros&#8221;: Vit\u00f3ria Balvanera \u00e9 diretora de cria\u00e7\u00e3o da Meta Imagem Internacional, a mais importante ag\u00eancia de publicidade do pa\u00eds. O seu sucesso a tornou alvo de criminosos e \u00e9 durante um destes ataques que conhece Jos\u00e9 \u00c1ngelo, um simples campon\u00eas. Quando Jos\u00e9 \u00c2ngelo vai \u00e0 fazenda para pedir um emprego como capataz, um grupo de criminosos invade a propriedade para sequestrar Vit\u00f3ria. Gra\u00e7as ao seu treinamento de Aikido, ele evita o sequestro e salva Vit\u00f3ria, assim um encontro \u00fanico e emocionante surge entre eles. <\/p>\n","protected":false},"excerpt":{"rendered":"<p>Resumo da novela &#8220;Amores Verdadeiros&#8221; em 22\/09: no cap\u00edtulo 163(*) da novela, Vicente e Adriana est\u00e3o ansiosos para que Lili descubra a verdade sobre sua verdadeira ascend\u00eancia. Eles se preocupam sobre como Aguiar vai receber a not\u00edcia. Os preparativos para a boda est\u00e3o em andamento. An\u00edbal fala consigo, na igreja, ainda desocupada. Ele chama o [&hellip;]<\/p>\n","protected":false},"author":4,"featured_media":203226,"comment_status":"closed","ping_status":"closed","sticky":false,"template":"","format":"standard","meta":{"tdm_status":"","tdm_grid_status":"","footnotes":""},"categories":[2189,379,2025,372,343],"tags":[441],"class_list":{"0":"post-210622","1":"post","2":"type-post","3":"status-publish","4":"format-standard","5":"has-post-thumbnail","7":"category-amores-verdadeiros","8":"category-novelas","9":"category-resumo","10":"category-sbt","11":"category-televisao","12":"tag-resumo-do-dia"},"_links":{"self":[{"href":"https:\/\/migracao.redenoticia.com.br\/noticia\/wp-json\/wp\/v2\/posts\/210622","targetHints":{"allow":["GET"]}}],"collection":[{"href":"https:\/\/migracao.redenoticia.com.br\/noticia\/wp-json\/wp\/v2\/posts"}],"about":[{"href":"https:\/\/migracao.redenoticia.com.br\/noticia\/wp-json\/wp\/v2\/types\/post"}],"author":[{"embeddable":true,"href":"https:\/\/migracao.redenoticia.com.br\/noticia\/wp-json\/wp\/v2\/users\/4"}],"replies":[{"embeddable":true,"href":"https:\/\/migracao.redenoticia.com.br\/noticia\/wp-json\/wp\/v2\/comments?post=210622"}],"version-history":[{"count":0,"href":"https:\/\/migracao.redenoticia.com.br\/noticia\/wp-json\/wp\/v2\/posts\/210622\/revisions"}],"wp:featuredmedia":[{"embeddable":true,"href":"https:\/\/migracao.redenoticia.com.br\/noticia\/wp-json\/wp\/v2\/media\/203226"}],"wp:attachment":[{"href":"https:\/\/migracao.redenoticia.com.br\/noticia\/wp-json\/wp\/v2\/media?parent=210622"}],"wp:term":[{"taxonomy":"category","embeddable":true,"href":"https:\/\/migracao.redenoticia.com.br\/noticia\/wp-json\/wp\/v2\/categories?post=210622"},{"taxonomy":"post_tag","embeddable":true,"href":"https:\/\/migracao.redenoticia.com.br\/noticia\/wp-json\/wp\/v2\/tags?post=210622"}],"curies":[{"name":"wp","href":"https:\/\/api.w.org\/{rel}","templated":true}]}}