{"id":210624,"date":"2021-09-21T15:17:11","date_gmt":"2021-09-21T18:17:11","guid":{"rendered":"https:\/\/www.redenoticia.com.br\/noticia\/?p=210624"},"modified":"2021-09-21T15:17:11","modified_gmt":"2021-09-21T18:17:11","slug":"resumo-coracao-indomavel-22-09-simone-desdenha-dos-moradores-do-realengo","status":"publish","type":"post","link":"https:\/\/migracao.redenoticia.com.br\/noticia\/2021\/resumo-coracao-indomavel-22-09-simone-desdenha-dos-moradores-do-realengo\/210624","title":{"rendered":"Resumo &#8220;Cora\u00e7\u00e3o Indom\u00e1vel&#8221; 22\/09: Simone desdenha dos moradores do Realengo"},"content":{"rendered":"<p><img loading=\"lazy\" decoding=\"async\" class=\"aligncenter size-full wp-image-206134\" src=\"https:\/\/migracao.redenoticia.com.br\/noticia\/imagens\/coracao-indomavel-resumo-novela-elenco.jpeg\" alt=\"\" width=\"1280\" height=\"720\" srcset=\"https:\/\/migracao.redenoticia.com.br\/noticia\/imagens\/coracao-indomavel-resumo-novela-elenco.jpeg 1280w, https:\/\/migracao.redenoticia.com.br\/noticia\/imagens\/coracao-indomavel-resumo-novela-elenco-250x140.jpeg 250w, https:\/\/migracao.redenoticia.com.br\/noticia\/imagens\/coracao-indomavel-resumo-novela-elenco-400x225.jpeg 400w, https:\/\/migracao.redenoticia.com.br\/noticia\/imagens\/coracao-indomavel-resumo-novela-elenco-768x432.jpeg 768w, https:\/\/migracao.redenoticia.com.br\/noticia\/imagens\/coracao-indomavel-resumo-novela-elenco-150x85.jpeg 150w\" sizes=\"auto, (max-width: 1280px) 100vw, 1280px\" \/><\/p>\n<p><strong><em>Resumo da novela &#8220;Cora\u00e7\u00e3o Indom\u00e1vel&#8221;<\/em><\/strong> em 22\/09: no cap\u00edtulo 087(*) da novela, Miguel diz a Ot\u00e1vio que \u00e9 um grande erro doar parte das terras da fazenda de Simone, e que ela se zangar\u00e1 quando souber. Ot\u00e1vio diz a Miguel que Maricruz tamb\u00e9m doou a mesma quantidade de hectares. Esther diz a Jos\u00e9 Antonio que Maricruz fez uma grande obra de caridade. Miguel convence Ot\u00e1vio a cancelar a doa\u00e7\u00e3o. Nazario diz a Amador que falar\u00e1 diretamente com Ot\u00e1vio para lhe pedir dinheiro em troca de n\u00e3o denunciar Miguel. O padre agradece a Simone por sua doa\u00e7\u00e3o para a gente do Realengo. Simone fica sem rea\u00e7\u00e3o com a informa\u00e7\u00e3o.<\/p>\n<p>Maricruz diz a Santa que vingar\u00e1 a morte de Ramiro. Miguel interrompe o padre e Simone pede que ele os deixe a s\u00f3s. Simone diz que n\u00e3o doar\u00e1 suas terras e explica a situa\u00e7\u00e3o em que Maricruz colocou Ot\u00e1vio. O Padre diz a Maricruz que Ot\u00e1vio n\u00e3o poder\u00e1 doar parte das terras de Simone. Ot\u00e1vio se zanga com Simone quando ela desdenha dos moradores do Realengo. Ot\u00e1vio diz a Morais que n\u00e3o doar\u00e1 as terras de Simone, pois a fazenda \u00e9 dela, n\u00e3o dele. Of\u00e9lia diz a Simone que escutou rumores sobre a doa\u00e7\u00e3o que Maricruz fez para as pessoas do realengo.<\/p>\n<p>Simone diz que jamais doaria parte de suas terras, muito menos para as pessoas do Realengo. Simone diz a Ot\u00e1vio que colocar\u00e1 mais vigilantes em suas terras e ordenar\u00e1 que atirem em quem as invadir. Jos\u00e9 Antonio diz a Esther que nunca teria dado suas terras \u00e0s pessoas do realengo. Maricruz discute com Ot\u00e1vio pelo cancelamento da doa\u00e7\u00e3o. Ot\u00e1vio se desculpa com Maricruz e conta a ela as inten\u00e7\u00f5es de Simone.<\/p>\n<p>(*) edi\u00e7\u00e3o das novelas do SBT, &#8220;Cora\u00e7\u00e3o Indom\u00e1vel&#8221;, sujeito a altera\u00e7\u00e3o de data e conte\u00fado.<\/p>\n<p>Sinopse &#8220;Cora\u00e7\u00e3o Indom\u00e1vel&#8221;: A novela conta a hist\u00f3ria da pobre Maricruz que, ap\u00f3s ter sido abandonada pelo marido, decide se vingar daqueles que a humilharam. Ela descobre ser filha de um homem rico, tornando-se uma mulher da alta sociedade.<\/p>\n","protected":false},"excerpt":{"rendered":"<p>Resumo da novela &#8220;Cora\u00e7\u00e3o Indom\u00e1vel&#8221; em 22\/09: no cap\u00edtulo 087(*) da novela, Miguel diz a Ot\u00e1vio que \u00e9 um grande erro doar parte das terras da fazenda de Simone, e que ela se zangar\u00e1 quando souber. Ot\u00e1vio diz a Miguel que Maricruz tamb\u00e9m doou a mesma quantidade de hectares. Esther diz a Jos\u00e9 Antonio que [&hellip;]<\/p>\n","protected":false},"author":4,"featured_media":206133,"comment_status":"closed","ping_status":"closed","sticky":false,"template":"","format":"standard","meta":{"tdm_status":"","tdm_grid_status":"","footnotes":""},"categories":[2200,379,2025,372,343],"tags":[441],"class_list":{"0":"post-210624","1":"post","2":"type-post","3":"status-publish","4":"format-standard","5":"has-post-thumbnail","7":"category-coracao-indomavel","8":"category-novelas","9":"category-resumo","10":"category-sbt","11":"category-televisao","12":"tag-resumo-do-dia"},"_links":{"self":[{"href":"https:\/\/migracao.redenoticia.com.br\/noticia\/wp-json\/wp\/v2\/posts\/210624","targetHints":{"allow":["GET"]}}],"collection":[{"href":"https:\/\/migracao.redenoticia.com.br\/noticia\/wp-json\/wp\/v2\/posts"}],"about":[{"href":"https:\/\/migracao.redenoticia.com.br\/noticia\/wp-json\/wp\/v2\/types\/post"}],"author":[{"embeddable":true,"href":"https:\/\/migracao.redenoticia.com.br\/noticia\/wp-json\/wp\/v2\/users\/4"}],"replies":[{"embeddable":true,"href":"https:\/\/migracao.redenoticia.com.br\/noticia\/wp-json\/wp\/v2\/comments?post=210624"}],"version-history":[{"count":0,"href":"https:\/\/migracao.redenoticia.com.br\/noticia\/wp-json\/wp\/v2\/posts\/210624\/revisions"}],"wp:featuredmedia":[{"embeddable":true,"href":"https:\/\/migracao.redenoticia.com.br\/noticia\/wp-json\/wp\/v2\/media\/206133"}],"wp:attachment":[{"href":"https:\/\/migracao.redenoticia.com.br\/noticia\/wp-json\/wp\/v2\/media?parent=210624"}],"wp:term":[{"taxonomy":"category","embeddable":true,"href":"https:\/\/migracao.redenoticia.com.br\/noticia\/wp-json\/wp\/v2\/categories?post=210624"},{"taxonomy":"post_tag","embeddable":true,"href":"https:\/\/migracao.redenoticia.com.br\/noticia\/wp-json\/wp\/v2\/tags?post=210624"}],"curies":[{"name":"wp","href":"https:\/\/api.w.org\/{rel}","templated":true}]}}