{"id":210636,"date":"2021-09-21T15:26:21","date_gmt":"2021-09-21T18:26:21","guid":{"rendered":"https:\/\/www.redenoticia.com.br\/noticia\/?p=210636"},"modified":"2021-09-21T15:26:21","modified_gmt":"2021-09-21T18:26:21","slug":"resumo-imperio-22-09-maurilio-descobre-que-josue-esta-na-casa-de-maria-isis","status":"publish","type":"post","link":"https:\/\/migracao.redenoticia.com.br\/noticia\/2021\/resumo-imperio-22-09-maurilio-descobre-que-josue-esta-na-casa-de-maria-isis\/210636","title":{"rendered":"Resumo \u201cImp\u00e9rio\u201d 22\/09: Maur\u00edlio descobre que Josu\u00e9 est\u00e1 na casa de Maria \u00cdsis"},"content":{"rendered":"<p><img loading=\"lazy\" decoding=\"async\" class=\"aligncenter size-full wp-image-205063\" src=\"https:\/\/migracao.redenoticia.com.br\/noticia\/imagens\/novela-imperio-resumo-elenco.jpeg\" alt=\"\" width=\"1280\" height=\"720\" srcset=\"https:\/\/migracao.redenoticia.com.br\/noticia\/imagens\/novela-imperio-resumo-elenco.jpeg 1280w, https:\/\/migracao.redenoticia.com.br\/noticia\/imagens\/novela-imperio-resumo-elenco-250x140.jpeg 250w, https:\/\/migracao.redenoticia.com.br\/noticia\/imagens\/novela-imperio-resumo-elenco-400x225.jpeg 400w, https:\/\/migracao.redenoticia.com.br\/noticia\/imagens\/novela-imperio-resumo-elenco-768x432.jpeg 768w, https:\/\/migracao.redenoticia.com.br\/noticia\/imagens\/novela-imperio-resumo-elenco-150x85.jpeg 150w\" sizes=\"auto, (max-width: 1280px) 100vw, 1280px\" \/><\/p>\n<p><em><strong>Resumo novela \u201cImp\u00e9rio\u201d<\/strong><\/em> em 22\/09: no cap\u00edtulo 141(*) da novela, Maria Marta se desespera quando Silviano diz que o conte\u00fado do \u00e1lbum foi roubado. Lorraine conta o que descobriu para \u00c9rika. Cristina se emociona com os convites para a festa de sua formatura. Maria Marta acusa Maur\u00edlio de ter roubado o \u00e1lbum da casa de Silviano. Jurema manda Cora limpar sua casa. Felipe observa Enrico. Cl\u00e1udio diz a Beatriz que pode perdoar o filho.<\/p>\n<p>Robert\u00e3o n\u00e3o consegue falar com \u00c9rika antes de viajar. Cl\u00e1udio convida T\u00e9o para jantar em sua casa. Xana ouve Lorraine marcando um encontro com \u00c9rika. Maur\u00edlio manda seguirem Josu\u00e9. Maria Marta surpreende Cristina. Jurema e Reginaldo riem de Cora. \u00c9rika descobre que Robert\u00e3o viajou. Jos\u00e9 Alfredo pensa em sua lista de suspeitos. Maur\u00edlio descobre que Josu\u00e9 est\u00e1 na casa de Maria \u00cdsis.<\/p>\n<p>(*) edi\u00e7\u00e3o das novelas da Globo, \u201cImp\u00e9rio\u201d, sujeito a altera\u00e7\u00e3o de data e conte\u00fado.<\/p>\n<p>Sinopse Novela &#8220;Imp\u00e9rio&#8221;: hist\u00f3ria do pernambucano Jos\u00e9 Alfredo de Medeiros (Chay Suede\/Alexandre Nero), o homem de preto. Dono de uma rede de joalherias, o Comendador tem tr\u00eas filhos com a aristocrata falida Maria Marta Mendon\u00e7a e Albuquerque (Adriana Birolli\/Lilia Cabral): Jos\u00e9 Pedro (Caio Blat), Maria Clara (Andreia Horta) e Jo\u00e3o Lucas (Daniel Rocha). Os tr\u00eas disputam a heran\u00e7a da empresa constru\u00edda pelo pai.<\/p>\n","protected":false},"excerpt":{"rendered":"<p>Resumo novela \u201cImp\u00e9rio\u201d em 22\/09: no cap\u00edtulo 141(*) da novela, Maria Marta se desespera quando Silviano diz que o conte\u00fado do \u00e1lbum foi roubado. Lorraine conta o que descobriu para \u00c9rika. Cristina se emociona com os convites para a festa de sua formatura. Maria Marta acusa Maur\u00edlio de ter roubado o \u00e1lbum da casa de [&hellip;]<\/p>\n","protected":false},"author":4,"featured_media":205061,"comment_status":"closed","ping_status":"closed","sticky":false,"template":"","format":"standard","meta":{"tdm_status":"","tdm_grid_status":"","footnotes":""},"categories":[2196,379,375,2025,343],"tags":[441],"class_list":{"0":"post-210636","1":"post","2":"type-post","3":"status-publish","4":"format-standard","5":"has-post-thumbnail","7":"category-imperio","8":"category-novelas","9":"category-rede-globo","10":"category-resumo","11":"category-televisao","12":"tag-resumo-do-dia"},"_links":{"self":[{"href":"https:\/\/migracao.redenoticia.com.br\/noticia\/wp-json\/wp\/v2\/posts\/210636","targetHints":{"allow":["GET"]}}],"collection":[{"href":"https:\/\/migracao.redenoticia.com.br\/noticia\/wp-json\/wp\/v2\/posts"}],"about":[{"href":"https:\/\/migracao.redenoticia.com.br\/noticia\/wp-json\/wp\/v2\/types\/post"}],"author":[{"embeddable":true,"href":"https:\/\/migracao.redenoticia.com.br\/noticia\/wp-json\/wp\/v2\/users\/4"}],"replies":[{"embeddable":true,"href":"https:\/\/migracao.redenoticia.com.br\/noticia\/wp-json\/wp\/v2\/comments?post=210636"}],"version-history":[{"count":0,"href":"https:\/\/migracao.redenoticia.com.br\/noticia\/wp-json\/wp\/v2\/posts\/210636\/revisions"}],"wp:featuredmedia":[{"embeddable":true,"href":"https:\/\/migracao.redenoticia.com.br\/noticia\/wp-json\/wp\/v2\/media\/205061"}],"wp:attachment":[{"href":"https:\/\/migracao.redenoticia.com.br\/noticia\/wp-json\/wp\/v2\/media?parent=210636"}],"wp:term":[{"taxonomy":"category","embeddable":true,"href":"https:\/\/migracao.redenoticia.com.br\/noticia\/wp-json\/wp\/v2\/categories?post=210636"},{"taxonomy":"post_tag","embeddable":true,"href":"https:\/\/migracao.redenoticia.com.br\/noticia\/wp-json\/wp\/v2\/tags?post=210636"}],"curies":[{"name":"wp","href":"https:\/\/api.w.org\/{rel}","templated":true}]}}