{"id":210673,"date":"2021-09-22T13:09:07","date_gmt":"2021-09-22T16:09:07","guid":{"rendered":"https:\/\/www.redenoticia.com.br\/noticia\/?p=210673"},"modified":"2021-09-22T13:09:07","modified_gmt":"2021-09-22T16:09:07","slug":"resumo-te-dou-a-vida-23-09-pedro-leva-a-mae-no-hospital-para-que-possa-ver-o-neto-de-longe","status":"publish","type":"post","link":"https:\/\/migracao.redenoticia.com.br\/noticia\/2021\/resumo-te-dou-a-vida-23-09-pedro-leva-a-mae-no-hospital-para-que-possa-ver-o-neto-de-longe\/210673","title":{"rendered":"Resumo &#8220;Te dou a vida&#8221; 23\/09: Pedro leva a m\u00e3e no hospital para que possa ver o neto de longe"},"content":{"rendered":"<p><img loading=\"lazy\" decoding=\"async\" class=\"aligncenter size-full wp-image-210432\" src=\"https:\/\/migracao.redenoticia.com.br\/noticia\/imagens\/te-dou-a-vida-elenco-personagem-novela-resumo.jpeg\" alt=\"\" width=\"1280\" height=\"720\" srcset=\"https:\/\/migracao.redenoticia.com.br\/noticia\/imagens\/te-dou-a-vida-elenco-personagem-novela-resumo.jpeg 1280w, https:\/\/migracao.redenoticia.com.br\/noticia\/imagens\/te-dou-a-vida-elenco-personagem-novela-resumo-250x140.jpeg 250w, https:\/\/migracao.redenoticia.com.br\/noticia\/imagens\/te-dou-a-vida-elenco-personagem-novela-resumo-400x225.jpeg 400w, https:\/\/migracao.redenoticia.com.br\/noticia\/imagens\/te-dou-a-vida-elenco-personagem-novela-resumo-768x432.jpeg 768w, https:\/\/migracao.redenoticia.com.br\/noticia\/imagens\/te-dou-a-vida-elenco-personagem-novela-resumo-150x85.jpeg 150w\" sizes=\"auto, (max-width: 1280px) 100vw, 1280px\" \/><\/p>\n<p><strong><em>Resumo da novela &#8220;Te dou a vida&#8221;<\/em><\/strong> em 23\/09: no cap\u00edtulo 004(*) da novela, Ernesto chega ao hospital para visitar Nicol\u00e1s e briga por causa de Elena ao saber que sua esposa foi v\u00ea-lo em seu quarto.<\/p>\n<p>Pedro faz o procedimento m\u00e9dico e tira a medula \u00f3ssea, no caminho encontra Nicol\u00e1s e avisa que ele tem que seguir em frente.<\/p>\n<p>Nicol\u00e1s insiste em perguntar por Pedro e seu pai se encarrega de fazer com que ele entenda que o homem se esqueceu dele e que se tratava apenas de um transplante.<\/p>\n<p>Gabriela convida Samuel para um plano, mas ele se recusa porque tem um encontro com Rosa e, embora a jovem o pe\u00e7a em namoro ap\u00f3s ser aconselhada pela amiga, Rosa diz que n\u00e3o.<\/p>\n<p>Elena decide visitar Pedro para contar como est\u00e1 o processo de transplante e Gina fica com ci\u00fames ao ver que eles est\u00e3o de m\u00e3os dadas.<\/p>\n<p>Em detalhes, Pedro leva a m\u00e3e para que possa ver o neto de longe e explica que os pais adotivos n\u00e3o querem que ele tenha contato com o menino. O m\u00e9dico conversa com Nicolas e diz como ser\u00e1 feito o transplante. Helena e Ernesto se revezam no hospital para que Nicolas n\u00e3o fique sozinho. Nicolas pergunta se Pedro vai sentir dor para lhe doar a medula.<\/p>\n<p>Gina e Ester acompanham Pedro ao hospital. Ernesto encontra Pedro no hospital, lhe entrega o desenho que Nicolas fez para ele e pede que depois do transplante n\u00e3o volte a ver seu filho. Helena visita Pedro e conta a ele que Nicolas \u00e9 filho dos dois. Ernesto fica enciumado ao saber que Helena visitou Pedro. Nicolas se encontra com Pedro no hospital e os dois dizem que se gostam muito.<\/p>\n<p>(*) edi\u00e7\u00e3o das novelas do SBT, &#8220;Te dou a vida&#8221;, sujeito a altera\u00e7\u00e3o de data e conte\u00fado.<\/p>\n<p>Sinopse &#8220;Te dou a vida&#8221;: Nicol\u00e1s (Leonardo Herrera) \u00e9 um garoto de apenas seis anos de idade que padece de leucemia, e necessita de um transplante de medula. Elena (Eva Cede\u00f1o) e Ernesto (Jorge Salinas) s\u00e3o um casal e pais adotivos do menino. Diante da situa\u00e7\u00e3o, o casal decide ir atr\u00e1s do pai biol\u00f3gico da crian\u00e7a, Pedro (Jos\u00e9 Ron). Ele ficar\u00e1 comovido ao conhecer o filho e se aproximar\u00e1 dele e da m\u00e3e adotiva de uma forma muito especial.<\/p>\n","protected":false},"excerpt":{"rendered":"<p>Resumo da novela &#8220;Te dou a vida&#8221; em 23\/09: no cap\u00edtulo 004(*) da novela, Ernesto chega ao hospital para visitar Nicol\u00e1s e briga por causa de Elena ao saber que sua esposa foi v\u00ea-lo em seu quarto. Pedro faz o procedimento m\u00e9dico e tira a medula \u00f3ssea, no caminho encontra Nicol\u00e1s e avisa que ele [&hellip;]<\/p>\n","protected":false},"author":4,"featured_media":210433,"comment_status":"closed","ping_status":"closed","sticky":false,"template":"","format":"standard","meta":{"tdm_status":"","tdm_grid_status":"","footnotes":""},"categories":[379,2025,372,2220,343],"tags":[441],"class_list":{"0":"post-210673","1":"post","2":"type-post","3":"status-publish","4":"format-standard","5":"has-post-thumbnail","7":"category-novelas","8":"category-resumo","9":"category-sbt","10":"category-te-dou-a-vida","11":"category-televisao","12":"tag-resumo-do-dia"},"_links":{"self":[{"href":"https:\/\/migracao.redenoticia.com.br\/noticia\/wp-json\/wp\/v2\/posts\/210673","targetHints":{"allow":["GET"]}}],"collection":[{"href":"https:\/\/migracao.redenoticia.com.br\/noticia\/wp-json\/wp\/v2\/posts"}],"about":[{"href":"https:\/\/migracao.redenoticia.com.br\/noticia\/wp-json\/wp\/v2\/types\/post"}],"author":[{"embeddable":true,"href":"https:\/\/migracao.redenoticia.com.br\/noticia\/wp-json\/wp\/v2\/users\/4"}],"replies":[{"embeddable":true,"href":"https:\/\/migracao.redenoticia.com.br\/noticia\/wp-json\/wp\/v2\/comments?post=210673"}],"version-history":[{"count":0,"href":"https:\/\/migracao.redenoticia.com.br\/noticia\/wp-json\/wp\/v2\/posts\/210673\/revisions"}],"wp:featuredmedia":[{"embeddable":true,"href":"https:\/\/migracao.redenoticia.com.br\/noticia\/wp-json\/wp\/v2\/media\/210433"}],"wp:attachment":[{"href":"https:\/\/migracao.redenoticia.com.br\/noticia\/wp-json\/wp\/v2\/media?parent=210673"}],"wp:term":[{"taxonomy":"category","embeddable":true,"href":"https:\/\/migracao.redenoticia.com.br\/noticia\/wp-json\/wp\/v2\/categories?post=210673"},{"taxonomy":"post_tag","embeddable":true,"href":"https:\/\/migracao.redenoticia.com.br\/noticia\/wp-json\/wp\/v2\/tags?post=210673"}],"curies":[{"name":"wp","href":"https:\/\/api.w.org\/{rel}","templated":true}]}}