{"id":210677,"date":"2021-09-22T13:28:45","date_gmt":"2021-09-22T16:28:45","guid":{"rendered":"https:\/\/www.redenoticia.com.br\/noticia\/?p=210677"},"modified":"2021-09-22T13:28:45","modified_gmt":"2021-09-22T16:28:45","slug":"resumo-coracao-indomavel-23-09-jose-antonio-confessa-seu-amor-a-maricruz","status":"publish","type":"post","link":"https:\/\/migracao.redenoticia.com.br\/noticia\/2021\/resumo-coracao-indomavel-23-09-jose-antonio-confessa-seu-amor-a-maricruz\/210677","title":{"rendered":"Resumo &#8220;Cora\u00e7\u00e3o Indom\u00e1vel&#8221; 23\/09: Jos\u00e9 Antonio confessa seu amor a Maricruz"},"content":{"rendered":"<p><img loading=\"lazy\" decoding=\"async\" class=\"aligncenter size-full wp-image-206134\" src=\"https:\/\/migracao.redenoticia.com.br\/noticia\/imagens\/coracao-indomavel-resumo-novela-elenco.jpeg\" alt=\"\" width=\"1280\" height=\"720\" srcset=\"https:\/\/migracao.redenoticia.com.br\/noticia\/imagens\/coracao-indomavel-resumo-novela-elenco.jpeg 1280w, https:\/\/migracao.redenoticia.com.br\/noticia\/imagens\/coracao-indomavel-resumo-novela-elenco-250x140.jpeg 250w, https:\/\/migracao.redenoticia.com.br\/noticia\/imagens\/coracao-indomavel-resumo-novela-elenco-400x225.jpeg 400w, https:\/\/migracao.redenoticia.com.br\/noticia\/imagens\/coracao-indomavel-resumo-novela-elenco-768x432.jpeg 768w, https:\/\/migracao.redenoticia.com.br\/noticia\/imagens\/coracao-indomavel-resumo-novela-elenco-150x85.jpeg 150w\" sizes=\"auto, (max-width: 1280px) 100vw, 1280px\" \/><\/p>\n<p><strong><em>Resumo da novela &#8220;Cora\u00e7\u00e3o Indom\u00e1vel&#8221;<\/em><\/strong> em 23\/09: no cap\u00edtulo 088 (*) da novela, Ot\u00e1vio se encontra com Natasha na sa\u00edda da fazenda de Maricruz. Ela diz estar perdida e Ot\u00e1vio se oferece para lev\u00e1-la a fazenda de Simone, Ot\u00e1vio apresenta Natasha a Simone e Miguel. Natasha conta a Tom\u00e1sia o que ocorreu com Ot\u00e1vio, e diz que acha ele um homem lindo. Simone fica com ci\u00fames de Natasha. Natasha diz a Tom\u00e1sia que Miguel n\u00e3o tirava os olhos dela, mas ele n\u00e3o lhe interessa. Jos\u00e9 Antonio diz a Maricruz que a ama, e ela responde que nunca poder\u00e1 corresponder a esse sentimento como ele espera. Miguel diz a Ot\u00e1vio que vai tentar se aproximar mais de Natasha.<\/p>\n<p>Maricruz diz a Jos\u00e9 Antonio que antes de ser amante de Ot\u00e1vio, \u00e9 capaz de se matar. No campo, Natasha encontra Maricruz e pergunta se ela vai a Fazenda de Simone. Em seguida, diz conhecer Ot\u00e1vio e que ele \u00e9 um homem encantador. Natasha chega \u00e0 fazenda de Simone, que manda Of\u00e9lia dizer que ela n\u00e3o receber\u00e1 ningu\u00e9m. Natasha diz a Of\u00e9lia que vai se empenhar em tirar Ot\u00e1vio de Simone. Simone diz a Of\u00e9lia que Ot\u00e1vio, com ou sem amor, seguir\u00e1 sendo apenas dela at\u00e9 que ela morra. Maricruz diz a Jos\u00e9 Antonio que dar\u00e1 aos moradores do Realengo materiais de constru\u00e7\u00e3o suficientes para que eles construam suas casas.<\/p>\n<p>Maricruz diz aos habitantes do realengo que eles podem ocupar os terrenos de sua fazenda, e que devem ser um exemplo \u00e0s demais, sem roubos nem coisas ilegais. Maricruz encontra uma senhora desesperada porque seu filho est\u00e1 doente e se oferece para ajud\u00e1-la. No campo, Natasha pede a Jos\u00e9 Antonio para o ver sem camisa, Jos\u00e9 Antonio a ignora e se afasta. Ot\u00e1vio diz a Maricruz que a crian\u00e7a doente pode ter difteria. Maricruz fica aflita temendo que Ot\u00e1vio possa ter se contagiado, pois teve contato com a crian\u00e7a.<\/p>\n<p>(*) edi\u00e7\u00e3o das novelas do SBT, &#8220;Cora\u00e7\u00e3o Indom\u00e1vel&#8221;, sujeito a altera\u00e7\u00e3o de data e conte\u00fado.<\/p>\n<p>Sinopse &#8220;Cora\u00e7\u00e3o Indom\u00e1vel&#8221;: A novela conta a hist\u00f3ria da pobre Maricruz que, ap\u00f3s ter sido abandonada pelo marido, decide se vingar daqueles que a humilharam. Ela descobre ser filha de um homem rico, tornando-se uma mulher da alta sociedade.<\/p>\n","protected":false},"excerpt":{"rendered":"<p>Resumo da novela &#8220;Cora\u00e7\u00e3o Indom\u00e1vel&#8221; em 23\/09: no cap\u00edtulo 088 (*) da novela, Ot\u00e1vio se encontra com Natasha na sa\u00edda da fazenda de Maricruz. Ela diz estar perdida e Ot\u00e1vio se oferece para lev\u00e1-la a fazenda de Simone, Ot\u00e1vio apresenta Natasha a Simone e Miguel. Natasha conta a Tom\u00e1sia o que ocorreu com Ot\u00e1vio, e [&hellip;]<\/p>\n","protected":false},"author":4,"featured_media":206133,"comment_status":"closed","ping_status":"closed","sticky":false,"template":"","format":"standard","meta":{"tdm_status":"","tdm_grid_status":"","footnotes":""},"categories":[2200,379,2025,372,343],"tags":[441],"class_list":{"0":"post-210677","1":"post","2":"type-post","3":"status-publish","4":"format-standard","5":"has-post-thumbnail","7":"category-coracao-indomavel","8":"category-novelas","9":"category-resumo","10":"category-sbt","11":"category-televisao","12":"tag-resumo-do-dia"},"_links":{"self":[{"href":"https:\/\/migracao.redenoticia.com.br\/noticia\/wp-json\/wp\/v2\/posts\/210677","targetHints":{"allow":["GET"]}}],"collection":[{"href":"https:\/\/migracao.redenoticia.com.br\/noticia\/wp-json\/wp\/v2\/posts"}],"about":[{"href":"https:\/\/migracao.redenoticia.com.br\/noticia\/wp-json\/wp\/v2\/types\/post"}],"author":[{"embeddable":true,"href":"https:\/\/migracao.redenoticia.com.br\/noticia\/wp-json\/wp\/v2\/users\/4"}],"replies":[{"embeddable":true,"href":"https:\/\/migracao.redenoticia.com.br\/noticia\/wp-json\/wp\/v2\/comments?post=210677"}],"version-history":[{"count":0,"href":"https:\/\/migracao.redenoticia.com.br\/noticia\/wp-json\/wp\/v2\/posts\/210677\/revisions"}],"wp:featuredmedia":[{"embeddable":true,"href":"https:\/\/migracao.redenoticia.com.br\/noticia\/wp-json\/wp\/v2\/media\/206133"}],"wp:attachment":[{"href":"https:\/\/migracao.redenoticia.com.br\/noticia\/wp-json\/wp\/v2\/media?parent=210677"}],"wp:term":[{"taxonomy":"category","embeddable":true,"href":"https:\/\/migracao.redenoticia.com.br\/noticia\/wp-json\/wp\/v2\/categories?post=210677"},{"taxonomy":"post_tag","embeddable":true,"href":"https:\/\/migracao.redenoticia.com.br\/noticia\/wp-json\/wp\/v2\/tags?post=210677"}],"curies":[{"name":"wp","href":"https:\/\/api.w.org\/{rel}","templated":true}]}}