{"id":210683,"date":"2021-09-22T13:32:51","date_gmt":"2021-09-22T16:32:51","guid":{"rendered":"https:\/\/www.redenoticia.com.br\/noticia\/?p=210683"},"modified":"2021-09-22T13:32:51","modified_gmt":"2021-09-22T16:32:51","slug":"novela-malhacao-sonhos-23-09-pedro-ve-cobra-e-karina-a-dancar-juntos","status":"publish","type":"post","link":"https:\/\/migracao.redenoticia.com.br\/noticia\/2021\/novela-malhacao-sonhos-23-09-pedro-ve-cobra-e-karina-a-dancar-juntos\/210683","title":{"rendered":"Novela &#8220;Malha\u00e7\u00e3o&#8221; Sonhos 23\/09: Pedro v\u00ea Cobra e Karina a dan\u00e7ar juntos"},"content":{"rendered":"<p><img loading=\"lazy\" decoding=\"async\" class=\"aligncenter size-full wp-image-202688\" src=\"https:\/\/migracao.redenoticia.com.br\/noticia\/imagens\/malhacao-sonhos-elenco-protagonistas.jpg\" alt=\"\" width=\"1280\" height=\"720\" srcset=\"https:\/\/migracao.redenoticia.com.br\/noticia\/imagens\/malhacao-sonhos-elenco-protagonistas.jpg 1280w, https:\/\/migracao.redenoticia.com.br\/noticia\/imagens\/malhacao-sonhos-elenco-protagonistas-250x140.jpg 250w, https:\/\/migracao.redenoticia.com.br\/noticia\/imagens\/malhacao-sonhos-elenco-protagonistas-400x225.jpg 400w, https:\/\/migracao.redenoticia.com.br\/noticia\/imagens\/malhacao-sonhos-elenco-protagonistas-768x432.jpg 768w, https:\/\/migracao.redenoticia.com.br\/noticia\/imagens\/malhacao-sonhos-elenco-protagonistas-150x85.jpg 150w\" sizes=\"auto, (max-width: 1280px) 100vw, 1280px\" \/><\/p>\n<p><em><strong>Resumo da novela &#8220;Malha\u00e7\u00e3o&#8221; Sonhos<\/strong><\/em> em 23\/09: no cap\u00edtulo 173(*) da novela, Roberta distrai Lob\u00e3o para que Nat e Duca possam fugir. Duca pressiona Nat e pede que ela deixe Lob\u00e3o, mas a lutadora afirma que precisa antes disputar o campeonato. Marcelo tenta animar Pedro e Delma ouve quando o ex-marido afirma para o filho que seu casamento acabou. Heideguer repassa dinheiro de patrocinadores para Wallace. Mari e Jeff se preparam para a inaugura\u00e7\u00e3o de seu quiosque na Aquazen.<\/p>\n<p>Nat vai \u00e0 casa de Duca e os dois acabam ficando juntos. Lob\u00e3o comenta com Karina que ir\u00e1 preparar uma surpresa para Nat. B\u00e1rbara aconselha Wallace a economizar seu dinheiro. Delma ordena que Pedro acompanhe sua banda ao show na Aquazen. Nando beija Delma. Karina decide ir \u00e0 inaugura\u00e7\u00e3o do quiosque e se depara com Pedro. Lob\u00e3o n\u00e3o encontra Nat em sua casa. Cobra convence Karina a ficar na festa e Pedro v\u00ea os dois dan\u00e7ando juntos.<\/p>\n<p>(*) edi\u00e7\u00e3o das novelas da Globo, \u201cMalha\u00e7\u00e3o\u201d Sonhos, sujeito a altera\u00e7\u00e3o de data e conte\u00fado.<\/p>\n<p>Sinopse Novela &#8220;Malha\u00e7\u00e3o&#8221; Sonhos: Formar campe\u00f5es e repassar os princ\u00edpios das artes marciais para os alunos s\u00e3o alguns dos sonhos de Gael (Eriberto Le\u00e3o). Duca (Arthur Aguiar) \u00e9 seu melhor atleta. Ele est\u00e1 sempre acompanhado dos amigos Z\u00e9 (Bruno Fraga) e Marc\u00e3o (Jean Amorim). Karina (Isabella Santoni), filha de Gael, n\u00e3o aceita que o pai s\u00f3 tenha olhos para Duca e treina para ser uma grande lutadora. A ca\u00e7ula do mestre \u00e9 apaixonada pelo disc\u00edpulo do pai e n\u00e3o sabe que ele e sua irm\u00e3, Bianca (Bruna Ham\u00fa), est\u00e3o prestes a assumir o namoro.<\/p>\n","protected":false},"excerpt":{"rendered":"<p>Resumo da novela &#8220;Malha\u00e7\u00e3o&#8221; Sonhos em 23\/09: no cap\u00edtulo 173(*) da novela, Roberta distrai Lob\u00e3o para que Nat e Duca possam fugir. Duca pressiona Nat e pede que ela deixe Lob\u00e3o, mas a lutadora afirma que precisa antes disputar o campeonato. Marcelo tenta animar Pedro e Delma ouve quando o ex-marido afirma para o filho [&hellip;]<\/p>\n","protected":false},"author":4,"featured_media":202687,"comment_status":"closed","ping_status":"closed","sticky":false,"template":"","format":"standard","meta":{"tdm_status":"","tdm_grid_status":"","footnotes":""},"categories":[447,379,375,2025,343],"tags":[441],"class_list":{"0":"post-210683","1":"post","2":"type-post","3":"status-publish","4":"format-standard","5":"has-post-thumbnail","7":"category-malhacao","8":"category-novelas","9":"category-rede-globo","10":"category-resumo","11":"category-televisao","12":"tag-resumo-do-dia"},"_links":{"self":[{"href":"https:\/\/migracao.redenoticia.com.br\/noticia\/wp-json\/wp\/v2\/posts\/210683","targetHints":{"allow":["GET"]}}],"collection":[{"href":"https:\/\/migracao.redenoticia.com.br\/noticia\/wp-json\/wp\/v2\/posts"}],"about":[{"href":"https:\/\/migracao.redenoticia.com.br\/noticia\/wp-json\/wp\/v2\/types\/post"}],"author":[{"embeddable":true,"href":"https:\/\/migracao.redenoticia.com.br\/noticia\/wp-json\/wp\/v2\/users\/4"}],"replies":[{"embeddable":true,"href":"https:\/\/migracao.redenoticia.com.br\/noticia\/wp-json\/wp\/v2\/comments?post=210683"}],"version-history":[{"count":0,"href":"https:\/\/migracao.redenoticia.com.br\/noticia\/wp-json\/wp\/v2\/posts\/210683\/revisions"}],"wp:featuredmedia":[{"embeddable":true,"href":"https:\/\/migracao.redenoticia.com.br\/noticia\/wp-json\/wp\/v2\/media\/202687"}],"wp:attachment":[{"href":"https:\/\/migracao.redenoticia.com.br\/noticia\/wp-json\/wp\/v2\/media?parent=210683"}],"wp:term":[{"taxonomy":"category","embeddable":true,"href":"https:\/\/migracao.redenoticia.com.br\/noticia\/wp-json\/wp\/v2\/categories?post=210683"},{"taxonomy":"post_tag","embeddable":true,"href":"https:\/\/migracao.redenoticia.com.br\/noticia\/wp-json\/wp\/v2\/tags?post=210683"}],"curies":[{"name":"wp","href":"https:\/\/api.w.org\/{rel}","templated":true}]}}