{"id":210686,"date":"2021-09-22T13:33:55","date_gmt":"2021-09-22T16:33:55","guid":{"rendered":"https:\/\/www.redenoticia.com.br\/noticia\/?p=210686"},"modified":"2021-09-22T13:33:55","modified_gmt":"2021-09-22T16:33:55","slug":"resumo-nos-tempos-do-imperador-23-09-pilar-fica-indignada-ao-ler-materia-mentirosa-sobre-sua-vida","status":"publish","type":"post","link":"https:\/\/migracao.redenoticia.com.br\/noticia\/2021\/resumo-nos-tempos-do-imperador-23-09-pilar-fica-indignada-ao-ler-materia-mentirosa-sobre-sua-vida\/210686","title":{"rendered":"Resumo \u201cNos Tempos do Imperador\u201d 23\/09: Pilar fica indignada ao ler mat\u00e9ria mentirosa sobre sua vida"},"content":{"rendered":"<p><img loading=\"lazy\" decoding=\"async\" src=\"https:\/\/migracao.redenoticia.com.br\/noticia\/imagens\/resumo-nos-tempos-do-imperador-personagens-resumo-novela-das-seis-novela-da-globo.jpg\" alt=\"\" width=\"1280\" height=\"720\" class=\"aligncenter size-full wp-image-195138\" srcset=\"https:\/\/migracao.redenoticia.com.br\/noticia\/imagens\/resumo-nos-tempos-do-imperador-personagens-resumo-novela-das-seis-novela-da-globo.jpg 1280w, https:\/\/migracao.redenoticia.com.br\/noticia\/imagens\/resumo-nos-tempos-do-imperador-personagens-resumo-novela-das-seis-novela-da-globo-250x140.jpg 250w, https:\/\/migracao.redenoticia.com.br\/noticia\/imagens\/resumo-nos-tempos-do-imperador-personagens-resumo-novela-das-seis-novela-da-globo-400x225.jpg 400w, https:\/\/migracao.redenoticia.com.br\/noticia\/imagens\/resumo-nos-tempos-do-imperador-personagens-resumo-novela-das-seis-novela-da-globo-768x432.jpg 768w, https:\/\/migracao.redenoticia.com.br\/noticia\/imagens\/resumo-nos-tempos-do-imperador-personagens-resumo-novela-das-seis-novela-da-globo-150x85.jpg 150w, https:\/\/migracao.redenoticia.com.br\/noticia\/imagens\/resumo-nos-tempos-do-imperador-personagens-resumo-novela-das-seis-novela-da-globo-696x392.jpg 696w, https:\/\/migracao.redenoticia.com.br\/noticia\/imagens\/resumo-nos-tempos-do-imperador-personagens-resumo-novela-das-seis-novela-da-globo-1068x601.jpg 1068w\" sizes=\"auto, (max-width: 1280px) 100vw, 1280px\" \/><\/p>\n<p><em><strong>Resumo da novela \u201cNos Tempos do Imperador\u201d<\/strong><\/em> em 23\/09: no cap\u00edtulo 040(*) da novela, Samuel e Pilar se tratam com formalidade. Guebo e seus amigos conseguem escapar de Borges sem serem reconhecidos. Tonico, N\u00e9lio e Nino inventam um falso depoimento de Pedro. Bernardinho confessa que fugiu da Marinha. Lu\u00edsa alerta Pedro sobre Tonico. O plano de Tonico contra Pedro d\u00e1 certo. Pilar come\u00e7a a trabalhar. Eudoro anuncia que ir\u00e1 com Dolores ao Rio de Janeiro.<\/p>\n<p>Lu\u00edsa conversa com Leopoldina sobre sua hostilidade com ela. Zayla descobre que Pilar est\u00e1 no Brasil. Christie confronta Pedro. Pilar se indigna ao ler no jornal uma mat\u00e9ria mentirosa sobre sua vida.<\/p>\n<p>(*) edi\u00e7\u00e3o das novelas da Globo, \u201cNos Tempos do Imperador\u201d, sujeito a altera\u00e7\u00e3o de data e conte\u00fado.<\/p>\n<p>Sinopse \u201cNos Tempos do Imperador\u201d: A jovem Pilar enfrenta, desde pequena, o peso de ser uma mulher do s\u00e9culo XIX e tenta convencer o pai Eudoro (Jos\u00e9 Dumont), fazendeiro e coronel da Bahia, a deix\u00e1-la estudar. No entanto, Eudoro promete casar sua filha com o grande vil\u00e3o da novela, Tonico (Alexandre Nero), futuro candidato a deputado pela Bahia. A possibilidade de um casamento sem amor faz com que Pilar decida fugir, pois seu maior sonho \u00e9 ser m\u00e9dica. Para tr\u00e1s, ela deixa sua irm\u00e3 Dolores (Julia Freitas\/Daphne Bozaski). Em paralelo, o escravo Jorge\/Samuel, um homem corajoso e honesto, que acredita na integra\u00e7\u00e3o entre negros e brancos, luta para se tornar livre, como a maioria dos negros que vive na mesma situa\u00e7\u00e3o. Diante da realidade da escravid\u00e3o, a \u00fanica op\u00e7\u00e3o \u00e9 fugir tamb\u00e9m, mas antes que planeje algo, o destino lhe obriga a escapar sem qualquer planejamento. Durante a fuga, Pilar cruza seu caminho. Um encontro que muda a vida dos dois para sempre. O casal vai lutar pelos seus sonhos, movido pela paix\u00e3o que nutre um pelo outro, mas tamb\u00e9m deseja fazer a diferen\u00e7a na vida das pessoas. Ela acredita que vai se formar em medicina e ele cr\u00ea que pode mudar a sociedade.<\/p>\n","protected":false},"excerpt":{"rendered":"<p>Resumo da novela \u201cNos Tempos do Imperador\u201d em 23\/09: no cap\u00edtulo 040(*) da novela, Samuel e Pilar se tratam com formalidade. Guebo e seus amigos conseguem escapar de Borges sem serem reconhecidos. Tonico, N\u00e9lio e Nino inventam um falso depoimento de Pedro. Bernardinho confessa que fugiu da Marinha. Lu\u00edsa alerta Pedro sobre Tonico. O plano [&hellip;]<\/p>\n","protected":false},"author":4,"featured_media":195138,"comment_status":"closed","ping_status":"closed","sticky":false,"template":"","format":"standard","meta":{"tdm_status":"","tdm_grid_status":"","footnotes":""},"categories":[2219,379,375,2025,343],"tags":[441],"class_list":{"0":"post-210686","1":"post","2":"type-post","3":"status-publish","4":"format-standard","5":"has-post-thumbnail","7":"category-nos-tempos-do-imperador","8":"category-novelas","9":"category-rede-globo","10":"category-resumo","11":"category-televisao","12":"tag-resumo-do-dia"},"_links":{"self":[{"href":"https:\/\/migracao.redenoticia.com.br\/noticia\/wp-json\/wp\/v2\/posts\/210686","targetHints":{"allow":["GET"]}}],"collection":[{"href":"https:\/\/migracao.redenoticia.com.br\/noticia\/wp-json\/wp\/v2\/posts"}],"about":[{"href":"https:\/\/migracao.redenoticia.com.br\/noticia\/wp-json\/wp\/v2\/types\/post"}],"author":[{"embeddable":true,"href":"https:\/\/migracao.redenoticia.com.br\/noticia\/wp-json\/wp\/v2\/users\/4"}],"replies":[{"embeddable":true,"href":"https:\/\/migracao.redenoticia.com.br\/noticia\/wp-json\/wp\/v2\/comments?post=210686"}],"version-history":[{"count":0,"href":"https:\/\/migracao.redenoticia.com.br\/noticia\/wp-json\/wp\/v2\/posts\/210686\/revisions"}],"wp:featuredmedia":[{"embeddable":true,"href":"https:\/\/migracao.redenoticia.com.br\/noticia\/wp-json\/wp\/v2\/media\/195138"}],"wp:attachment":[{"href":"https:\/\/migracao.redenoticia.com.br\/noticia\/wp-json\/wp\/v2\/media?parent=210686"}],"wp:term":[{"taxonomy":"category","embeddable":true,"href":"https:\/\/migracao.redenoticia.com.br\/noticia\/wp-json\/wp\/v2\/categories?post=210686"},{"taxonomy":"post_tag","embeddable":true,"href":"https:\/\/migracao.redenoticia.com.br\/noticia\/wp-json\/wp\/v2\/tags?post=210686"}],"curies":[{"name":"wp","href":"https:\/\/api.w.org\/{rel}","templated":true}]}}