{"id":210690,"date":"2021-09-22T13:36:49","date_gmt":"2021-09-22T16:36:49","guid":{"rendered":"https:\/\/www.redenoticia.com.br\/noticia\/?p=210690"},"modified":"2021-09-22T13:36:49","modified_gmt":"2021-09-22T16:36:49","slug":"resumo-imperio-23-09-cora-beija-jose-alfredo","status":"publish","type":"post","link":"https:\/\/migracao.redenoticia.com.br\/noticia\/2021\/resumo-imperio-23-09-cora-beija-jose-alfredo\/210690","title":{"rendered":"Resumo \u201cImp\u00e9rio\u201d 23\/09: Cora beija Jos\u00e9 Alfredo"},"content":{"rendered":"<p><img loading=\"lazy\" decoding=\"async\" class=\"aligncenter size-full wp-image-205063\" src=\"https:\/\/migracao.redenoticia.com.br\/noticia\/imagens\/novela-imperio-resumo-elenco.jpeg\" alt=\"\" width=\"1280\" height=\"720\" srcset=\"https:\/\/migracao.redenoticia.com.br\/noticia\/imagens\/novela-imperio-resumo-elenco.jpeg 1280w, https:\/\/migracao.redenoticia.com.br\/noticia\/imagens\/novela-imperio-resumo-elenco-250x140.jpeg 250w, https:\/\/migracao.redenoticia.com.br\/noticia\/imagens\/novela-imperio-resumo-elenco-400x225.jpeg 400w, https:\/\/migracao.redenoticia.com.br\/noticia\/imagens\/novela-imperio-resumo-elenco-768x432.jpeg 768w, https:\/\/migracao.redenoticia.com.br\/noticia\/imagens\/novela-imperio-resumo-elenco-150x85.jpeg 150w\" sizes=\"auto, (max-width: 1280px) 100vw, 1280px\" \/><\/p>\n<p><em><strong>Resumo novela \u201cImp\u00e9rio\u201d<\/strong><\/em> em 23\/09: no cap\u00edtulo 142(*) da novela, Josu\u00e9 acredita que Jos\u00e9 Alfredo tenha que mudar de esconderijo. Cora ouve Cristina falando com o pai. Silviano desconfia de T\u00e9o e Maria Marta marca um encontro com o blogueiro. Xana suspeita de que Lorraine esteja escondendo algo. \u00c9rika vai atr\u00e1s de Robert\u00e3o no aeroporto. Bruna ouve uma liga\u00e7\u00e3o entre Danielle e Maur\u00edlio. Jos\u00e9 Pedro sente ci\u00fames de Leonardo.<\/p>\n<p>Vicente fica incomodado com a liga\u00e7\u00e3o de Maria Clara. Reginaldo pensa em Cora. Cristina se encontra com Jos\u00e9 Alfredo e n\u00e3o percebe que \u00e9 seguida por Cora. Maria Clara avisa a Vicente que vai \u00e0 festa de Cristina. Felipe amea\u00e7a Enrico. Salvador enfrenta Carmem. Helena cobra uma atitude de Orville. Cristina se encontra com Jos\u00e9 Alfredo. Cora bate \u00e0 porta de Maria \u00cdsis e beija Jos\u00e9 Alfredo.<\/p>\n<p>(*) edi\u00e7\u00e3o das novelas da Globo, \u201cImp\u00e9rio\u201d, sujeito a altera\u00e7\u00e3o de data e conte\u00fado.<\/p>\n<p>Sinopse Novela &#8220;Imp\u00e9rio&#8221;: hist\u00f3ria do pernambucano Jos\u00e9 Alfredo de Medeiros (Chay Suede\/Alexandre Nero), o homem de preto. Dono de uma rede de joalherias, o Comendador tem tr\u00eas filhos com a aristocrata falida Maria Marta Mendon\u00e7a e Albuquerque (Adriana Birolli\/Lilia Cabral): Jos\u00e9 Pedro (Caio Blat), Maria Clara (Andreia Horta) e Jo\u00e3o Lucas (Daniel Rocha). Os tr\u00eas disputam a heran\u00e7a da empresa constru\u00edda pelo pai.<\/p>\n","protected":false},"excerpt":{"rendered":"<p>Resumo novela \u201cImp\u00e9rio\u201d em 23\/09: no cap\u00edtulo 142(*) da novela, Josu\u00e9 acredita que Jos\u00e9 Alfredo tenha que mudar de esconderijo. Cora ouve Cristina falando com o pai. Silviano desconfia de T\u00e9o e Maria Marta marca um encontro com o blogueiro. Xana suspeita de que Lorraine esteja escondendo algo. \u00c9rika vai atr\u00e1s de Robert\u00e3o no aeroporto. [&hellip;]<\/p>\n","protected":false},"author":4,"featured_media":205061,"comment_status":"closed","ping_status":"closed","sticky":false,"template":"","format":"standard","meta":{"tdm_status":"","tdm_grid_status":"","footnotes":""},"categories":[2196,379,375,2025,343],"tags":[441],"class_list":{"0":"post-210690","1":"post","2":"type-post","3":"status-publish","4":"format-standard","5":"has-post-thumbnail","7":"category-imperio","8":"category-novelas","9":"category-rede-globo","10":"category-resumo","11":"category-televisao","12":"tag-resumo-do-dia"},"_links":{"self":[{"href":"https:\/\/migracao.redenoticia.com.br\/noticia\/wp-json\/wp\/v2\/posts\/210690","targetHints":{"allow":["GET"]}}],"collection":[{"href":"https:\/\/migracao.redenoticia.com.br\/noticia\/wp-json\/wp\/v2\/posts"}],"about":[{"href":"https:\/\/migracao.redenoticia.com.br\/noticia\/wp-json\/wp\/v2\/types\/post"}],"author":[{"embeddable":true,"href":"https:\/\/migracao.redenoticia.com.br\/noticia\/wp-json\/wp\/v2\/users\/4"}],"replies":[{"embeddable":true,"href":"https:\/\/migracao.redenoticia.com.br\/noticia\/wp-json\/wp\/v2\/comments?post=210690"}],"version-history":[{"count":0,"href":"https:\/\/migracao.redenoticia.com.br\/noticia\/wp-json\/wp\/v2\/posts\/210690\/revisions"}],"wp:featuredmedia":[{"embeddable":true,"href":"https:\/\/migracao.redenoticia.com.br\/noticia\/wp-json\/wp\/v2\/media\/205061"}],"wp:attachment":[{"href":"https:\/\/migracao.redenoticia.com.br\/noticia\/wp-json\/wp\/v2\/media?parent=210690"}],"wp:term":[{"taxonomy":"category","embeddable":true,"href":"https:\/\/migracao.redenoticia.com.br\/noticia\/wp-json\/wp\/v2\/categories?post=210690"},{"taxonomy":"post_tag","embeddable":true,"href":"https:\/\/migracao.redenoticia.com.br\/noticia\/wp-json\/wp\/v2\/tags?post=210690"}],"curies":[{"name":"wp","href":"https:\/\/api.w.org\/{rel}","templated":true}]}}