{"id":210727,"date":"2021-09-23T13:03:41","date_gmt":"2021-09-23T16:03:41","guid":{"rendered":"https:\/\/www.redenoticia.com.br\/noticia\/?p=210727"},"modified":"2021-09-23T13:03:41","modified_gmt":"2021-09-23T16:03:41","slug":"resumo-te-dou-a-vida-24-09-nicolas-e-submetido-ao-transplante-de-medula","status":"publish","type":"post","link":"https:\/\/migracao.redenoticia.com.br\/noticia\/2021\/resumo-te-dou-a-vida-24-09-nicolas-e-submetido-ao-transplante-de-medula\/210727","title":{"rendered":"Resumo &#8220;Te dou a vida&#8221; 24\/09: N\u00edcolas \u00e9 submetido ao transplante de medula"},"content":{"rendered":"<p><img loading=\"lazy\" decoding=\"async\" class=\"aligncenter size-full wp-image-210432\" src=\"https:\/\/migracao.redenoticia.com.br\/noticia\/imagens\/te-dou-a-vida-elenco-personagem-novela-resumo.jpeg\" alt=\"\" width=\"1280\" height=\"720\" srcset=\"https:\/\/migracao.redenoticia.com.br\/noticia\/imagens\/te-dou-a-vida-elenco-personagem-novela-resumo.jpeg 1280w, https:\/\/migracao.redenoticia.com.br\/noticia\/imagens\/te-dou-a-vida-elenco-personagem-novela-resumo-250x140.jpeg 250w, https:\/\/migracao.redenoticia.com.br\/noticia\/imagens\/te-dou-a-vida-elenco-personagem-novela-resumo-400x225.jpeg 400w, https:\/\/migracao.redenoticia.com.br\/noticia\/imagens\/te-dou-a-vida-elenco-personagem-novela-resumo-768x432.jpeg 768w, https:\/\/migracao.redenoticia.com.br\/noticia\/imagens\/te-dou-a-vida-elenco-personagem-novela-resumo-150x85.jpeg 150w\" sizes=\"auto, (max-width: 1280px) 100vw, 1280px\" \/><\/p>\n<p><strong><em>Resumo da novela &#8220;Te dou a vida&#8221;<\/em><\/strong> em 24\/09: no cap\u00edtulo 005(*) da novela, Ernesto confessa ao sogro que tem ci\u00fames de Pedro n\u00e3o s\u00f3 do filho, mas tamb\u00e9m de Elena.<\/p>\n<p>Nicol\u00e1s tem um epis\u00f3dio de aumento de press\u00e3o, ent\u00e3o conseguem estabiliz\u00e1-lo e aparentemente ele est\u00e1 fora de perigo. Enquanto isso, Esther fala com Nelson e diz a ele que n\u00e3o consegue imaginar coisas entre os dois que n\u00e3o s\u00e3o, porque ela n\u00e3o gostaria de perder a amizade interpretando mal o detalhe da toupeira de olla.<\/p>\n<p>A m\u00e3e de Pedro vai \u00e0 casa de Elena deixar um presente para Nico, mas Ernesto a dispensa do local e avisa que vai colocar uma ordem de restri\u00e7\u00e3o.<\/p>\n<p>O marido de Elena vai ao hospital e quando conta \u00e0 esposa o que aconteceu, Gina aparece, dando a entender que est\u00e1 tendo um caso com o namorado, por isso os dois casais discutem.<\/p>\n<p>Ernesto tem uma discuss\u00e3o muito forte com a mulher, enquanto Pedro j\u00e1 n\u00e3o ap\u00f3ia a atitude da namorada Gina, que tem ci\u00fames de Elena.<\/p>\n<p>Em detalhes, N\u00edcolas \u00e9 submetido ao transplante de medula e agora ter\u00e1 que esperar a resposta do organismo para saber se n\u00e3o haver\u00e1 rejei\u00e7\u00e3o. Pedro pede a Gina que continue com os preparativos para o casamento. Nicolas pede a Helena que diga a Pedro que j\u00e1 tem suas c\u00e9lulas dentro dele.<\/p>\n<p>Helena procura Pedro e Gina v\u00ea os dois juntos. Samuel pede a Rosa que seja sua namorada, mas ela n\u00e3o aceita. Ester leva um presente para Nicolas, mas Ernesto e Andr\u00e9ia n\u00e3o escondem a insatisfa\u00e7\u00e3o ao v\u00ea-la. Ernesto est\u00e1 furioso e exige que Helena corte qualquer rela\u00e7\u00e3o com a fam\u00edlia de Pedro.<\/p>\n<p>(*) edi\u00e7\u00e3o das novelas do SBT, &#8220;Te dou a vida&#8221;, sujeito a altera\u00e7\u00e3o de data e conte\u00fado.<\/p>\n<p>Sinopse &#8220;Te dou a vida&#8221;: Nicol\u00e1s (Leonardo Herrera) \u00e9 um garoto de apenas seis anos de idade que padece de leucemia, e necessita de um transplante de medula. Elena (Eva Cede\u00f1o) e Ernesto (Jorge Salinas) s\u00e3o um casal e pais adotivos do menino. Diante da situa\u00e7\u00e3o, o casal decide ir atr\u00e1s do pai biol\u00f3gico da crian\u00e7a, Pedro (Jos\u00e9 Ron). Ele ficar\u00e1 comovido ao conhecer o filho e se aproximar\u00e1 dele e da m\u00e3e adotiva de uma forma muito especial.<\/p>\n","protected":false},"excerpt":{"rendered":"<p>Resumo da novela &#8220;Te dou a vida&#8221; em 24\/09: no cap\u00edtulo 005(*) da novela, Ernesto confessa ao sogro que tem ci\u00fames de Pedro n\u00e3o s\u00f3 do filho, mas tamb\u00e9m de Elena. Nicol\u00e1s tem um epis\u00f3dio de aumento de press\u00e3o, ent\u00e3o conseguem estabiliz\u00e1-lo e aparentemente ele est\u00e1 fora de perigo. Enquanto isso, Esther fala com Nelson [&hellip;]<\/p>\n","protected":false},"author":4,"featured_media":210433,"comment_status":"closed","ping_status":"closed","sticky":false,"template":"","format":"standard","meta":{"tdm_status":"","tdm_grid_status":"","footnotes":""},"categories":[379,2025,372,2220,343],"tags":[441],"class_list":{"0":"post-210727","1":"post","2":"type-post","3":"status-publish","4":"format-standard","5":"has-post-thumbnail","7":"category-novelas","8":"category-resumo","9":"category-sbt","10":"category-te-dou-a-vida","11":"category-televisao","12":"tag-resumo-do-dia"},"_links":{"self":[{"href":"https:\/\/migracao.redenoticia.com.br\/noticia\/wp-json\/wp\/v2\/posts\/210727","targetHints":{"allow":["GET"]}}],"collection":[{"href":"https:\/\/migracao.redenoticia.com.br\/noticia\/wp-json\/wp\/v2\/posts"}],"about":[{"href":"https:\/\/migracao.redenoticia.com.br\/noticia\/wp-json\/wp\/v2\/types\/post"}],"author":[{"embeddable":true,"href":"https:\/\/migracao.redenoticia.com.br\/noticia\/wp-json\/wp\/v2\/users\/4"}],"replies":[{"embeddable":true,"href":"https:\/\/migracao.redenoticia.com.br\/noticia\/wp-json\/wp\/v2\/comments?post=210727"}],"version-history":[{"count":0,"href":"https:\/\/migracao.redenoticia.com.br\/noticia\/wp-json\/wp\/v2\/posts\/210727\/revisions"}],"wp:featuredmedia":[{"embeddable":true,"href":"https:\/\/migracao.redenoticia.com.br\/noticia\/wp-json\/wp\/v2\/media\/210433"}],"wp:attachment":[{"href":"https:\/\/migracao.redenoticia.com.br\/noticia\/wp-json\/wp\/v2\/media?parent=210727"}],"wp:term":[{"taxonomy":"category","embeddable":true,"href":"https:\/\/migracao.redenoticia.com.br\/noticia\/wp-json\/wp\/v2\/categories?post=210727"},{"taxonomy":"post_tag","embeddable":true,"href":"https:\/\/migracao.redenoticia.com.br\/noticia\/wp-json\/wp\/v2\/tags?post=210727"}],"curies":[{"name":"wp","href":"https:\/\/api.w.org\/{rel}","templated":true}]}}