{"id":210731,"date":"2021-09-23T13:08:05","date_gmt":"2021-09-23T16:08:05","guid":{"rendered":"https:\/\/www.redenoticia.com.br\/noticia\/?p=210731"},"modified":"2021-09-23T13:08:05","modified_gmt":"2021-09-23T16:08:05","slug":"resumo-coracao-indomavel-24-09-miguel-descobre-que-otavio-esta-com-difteria","status":"publish","type":"post","link":"https:\/\/migracao.redenoticia.com.br\/noticia\/2021\/resumo-coracao-indomavel-24-09-miguel-descobre-que-otavio-esta-com-difteria\/210731","title":{"rendered":"Resumo &#8220;Cora\u00e7\u00e3o Indom\u00e1vel&#8221; 24\/09: Miguel descobre que Ot\u00e1vio est\u00e1 com difteria"},"content":{"rendered":"<p><img loading=\"lazy\" decoding=\"async\" class=\"aligncenter size-full wp-image-206134\" src=\"https:\/\/migracao.redenoticia.com.br\/noticia\/imagens\/coracao-indomavel-resumo-novela-elenco.jpeg\" alt=\"\" width=\"1280\" height=\"720\" srcset=\"https:\/\/migracao.redenoticia.com.br\/noticia\/imagens\/coracao-indomavel-resumo-novela-elenco.jpeg 1280w, https:\/\/migracao.redenoticia.com.br\/noticia\/imagens\/coracao-indomavel-resumo-novela-elenco-250x140.jpeg 250w, https:\/\/migracao.redenoticia.com.br\/noticia\/imagens\/coracao-indomavel-resumo-novela-elenco-400x225.jpeg 400w, https:\/\/migracao.redenoticia.com.br\/noticia\/imagens\/coracao-indomavel-resumo-novela-elenco-768x432.jpeg 768w, https:\/\/migracao.redenoticia.com.br\/noticia\/imagens\/coracao-indomavel-resumo-novela-elenco-150x85.jpeg 150w\" sizes=\"auto, (max-width: 1280px) 100vw, 1280px\" \/><\/p>\n<p><strong><em>Resumo da novela &#8220;Cora\u00e7\u00e3o Indom\u00e1vel&#8221;<\/em><\/strong> em 24\/09: no cap\u00edtulo 089(*) da novela, Maricruz se preocupa com a possibilidade de Ot\u00e1vio ter contra\u00eddo difteria. Natasha pede a Jos\u00e9 Antonio que se deixe pintar por ela. Ele se nega. Ot\u00e1vio e Maricruz levam a crian\u00e7a doente para ser atendida por um m\u00e9dico. Santa pro\u00edbe Joaninha de chegar perto do quarto onde est\u00e1 o menino doente, para evitar seu cont\u00e1gio. O doutor medica a crian\u00e7a e d\u00e1 instru\u00e7\u00f5es para evitar o cont\u00e1gio de difteria na fazenda de Maricruz. Simone nota que Ot\u00e1vio tem febre. Maricruz diz ao Doutor que Ot\u00e1vio fez respira\u00e7\u00e3o boca a boca na crian\u00e7a doente.<\/p>\n<p>Ot\u00e1vio diz a Simone que esteve em contato com uma pessoa doente por difteria, e pede que ela chame um m\u00e9dico. O doutor chega \u00e0 fazenda de Simone, ela fica surpresa com a rapidez do m\u00e9dico. Maricruz diz a Joaninha que est\u00e1 preocupada com Ot\u00e1vio. O Doutor medica Ot\u00e1vio e diz que Simone n\u00e3o poder\u00e1 cuidar dele durante sua gravidez e, posteriormente, conta que foi mandado com urg\u00eancia por Maricruz. Ot\u00e1vio pede que o doutor n\u00e3o conte isso a Simone. Ot\u00e1vio diz a Miguel que est\u00e1 com difteria.<\/p>\n<p>Maricruz diz a Santa que ir\u00e1 ver Ot\u00e1vio. Maricruz chama Ot\u00e1vio pela janela de seu quarto. Simone se nega a ir para seu quarto descansar, e fica do lado de fora do quarto de Ot\u00e1vio. Ot\u00e1vio pede a Miguel que ajude Maricruz a entrar. Simone escuta vozes no quarto de Ot\u00e1vio e tenta entrar, mas Of\u00e9lia a impede. Ot\u00e1vio pede a Miguel que n\u00e3o permita que Simone entre em seu quarto. Ot\u00e1vio diz a Maricruz que ela precisa sair dali, e conta que Simone est\u00e1 gr\u00e1vida.<\/p>\n<p>Miguel lembra Simone que ela n\u00e3o deve entrar no quarto de Ot\u00e1vio. Miguel exige que Maricruz n\u00e3o volte \u00e0 fazenda de Simone e amea\u00e7a mat\u00e1-la caso o fa\u00e7a. Miguel aconselha Simone a aumentar a seguran\u00e7a da fazenda. Esther diz a Jos\u00e9 Antonio que Maricruz jamais o tratar\u00e1 de igual para igual. Jos\u00e9 Antonio pensa em usar a confian\u00e7a de Maricruz em benef\u00edcio pr\u00f3prio.<\/p>\n<p>(*) edi\u00e7\u00e3o das novelas do SBT, &#8220;Cora\u00e7\u00e3o Indom\u00e1vel&#8221;, sujeito a altera\u00e7\u00e3o de data e conte\u00fado.<\/p>\n<p>Sinopse &#8220;Cora\u00e7\u00e3o Indom\u00e1vel&#8221;: A novela conta a hist\u00f3ria da pobre Maricruz que, ap\u00f3s ter sido abandonada pelo marido, decide se vingar daqueles que a humilharam. Ela descobre ser filha de um homem rico, tornando-se uma mulher da alta sociedade.<\/p>\n","protected":false},"excerpt":{"rendered":"<p>Resumo da novela &#8220;Cora\u00e7\u00e3o Indom\u00e1vel&#8221; em 24\/09: no cap\u00edtulo 089(*) da novela, Maricruz se preocupa com a possibilidade de Ot\u00e1vio ter contra\u00eddo difteria. Natasha pede a Jos\u00e9 Antonio que se deixe pintar por ela. Ele se nega. Ot\u00e1vio e Maricruz levam a crian\u00e7a doente para ser atendida por um m\u00e9dico. Santa pro\u00edbe Joaninha de chegar [&hellip;]<\/p>\n","protected":false},"author":4,"featured_media":206133,"comment_status":"closed","ping_status":"closed","sticky":false,"template":"","format":"standard","meta":{"tdm_status":"","tdm_grid_status":"","footnotes":""},"categories":[2200,379,2025,372,343],"tags":[441],"class_list":{"0":"post-210731","1":"post","2":"type-post","3":"status-publish","4":"format-standard","5":"has-post-thumbnail","7":"category-coracao-indomavel","8":"category-novelas","9":"category-resumo","10":"category-sbt","11":"category-televisao","12":"tag-resumo-do-dia"},"_links":{"self":[{"href":"https:\/\/migracao.redenoticia.com.br\/noticia\/wp-json\/wp\/v2\/posts\/210731","targetHints":{"allow":["GET"]}}],"collection":[{"href":"https:\/\/migracao.redenoticia.com.br\/noticia\/wp-json\/wp\/v2\/posts"}],"about":[{"href":"https:\/\/migracao.redenoticia.com.br\/noticia\/wp-json\/wp\/v2\/types\/post"}],"author":[{"embeddable":true,"href":"https:\/\/migracao.redenoticia.com.br\/noticia\/wp-json\/wp\/v2\/users\/4"}],"replies":[{"embeddable":true,"href":"https:\/\/migracao.redenoticia.com.br\/noticia\/wp-json\/wp\/v2\/comments?post=210731"}],"version-history":[{"count":0,"href":"https:\/\/migracao.redenoticia.com.br\/noticia\/wp-json\/wp\/v2\/posts\/210731\/revisions"}],"wp:featuredmedia":[{"embeddable":true,"href":"https:\/\/migracao.redenoticia.com.br\/noticia\/wp-json\/wp\/v2\/media\/206133"}],"wp:attachment":[{"href":"https:\/\/migracao.redenoticia.com.br\/noticia\/wp-json\/wp\/v2\/media?parent=210731"}],"wp:term":[{"taxonomy":"category","embeddable":true,"href":"https:\/\/migracao.redenoticia.com.br\/noticia\/wp-json\/wp\/v2\/categories?post=210731"},{"taxonomy":"post_tag","embeddable":true,"href":"https:\/\/migracao.redenoticia.com.br\/noticia\/wp-json\/wp\/v2\/tags?post=210731"}],"curies":[{"name":"wp","href":"https:\/\/api.w.org\/{rel}","templated":true}]}}