{"id":210745,"date":"2021-09-23T13:38:44","date_gmt":"2021-09-23T16:38:44","guid":{"rendered":"https:\/\/www.redenoticia.com.br\/noticia\/?p=210745"},"modified":"2021-09-23T13:38:44","modified_gmt":"2021-09-23T16:38:44","slug":"resumo-imperio-24-09-cristina-presta-homenagem-a-seu-pai-em-sua-formatura","status":"publish","type":"post","link":"https:\/\/migracao.redenoticia.com.br\/noticia\/2021\/resumo-imperio-24-09-cristina-presta-homenagem-a-seu-pai-em-sua-formatura\/210745","title":{"rendered":"Resumo \u201cImp\u00e9rio\u201d 24\/09: Cristina presta homenagem a seu pai em sua formatura"},"content":{"rendered":"<p><img loading=\"lazy\" decoding=\"async\" class=\"aligncenter size-full wp-image-205063\" src=\"https:\/\/migracao.redenoticia.com.br\/noticia\/imagens\/novela-imperio-resumo-elenco.jpeg\" alt=\"\" width=\"1280\" height=\"720\" srcset=\"https:\/\/migracao.redenoticia.com.br\/noticia\/imagens\/novela-imperio-resumo-elenco.jpeg 1280w, https:\/\/migracao.redenoticia.com.br\/noticia\/imagens\/novela-imperio-resumo-elenco-250x140.jpeg 250w, https:\/\/migracao.redenoticia.com.br\/noticia\/imagens\/novela-imperio-resumo-elenco-400x225.jpeg 400w, https:\/\/migracao.redenoticia.com.br\/noticia\/imagens\/novela-imperio-resumo-elenco-768x432.jpeg 768w, https:\/\/migracao.redenoticia.com.br\/noticia\/imagens\/novela-imperio-resumo-elenco-150x85.jpeg 150w\" sizes=\"auto, (max-width: 1280px) 100vw, 1280px\" \/><\/p>\n<p><em><strong>Resumo novela \u201cImp\u00e9rio\u201d<\/strong><\/em> em 24\/09: no cap\u00edtulo 143(*) da novela, Cora enfrenta Jos\u00e9 Alfredo. Maria \u00cdsis discute com Cora. Maria \u00cdsis liga para Josu\u00e9. Cora faz uma proposta para o Comendador. Cora tira uma foto de Jos\u00e9 Alfredo para provar que ele est\u00e1 vivo. Capangas em busca do Comendador invadem o apartamento de Maria \u00cdsis e amorda\u00e7am Batista e Cora. Kelly liga para Maria \u00cdsis para contar o que houve em seu apartamento.<\/p>\n<p>Jos\u00e9 Alfredo desconfia que Fabr\u00edcio Melga\u00e7o mandou os capangas para a casa de Maria \u00cdsis. Come\u00e7a a formatura de Cristina. Cora se d\u00e1 conta de que o seu celular foi roubado pelos capangas. O l\u00edder do bando que invadiu o apartamento liga para Fabr\u00edcio e fala sobre a foto que est\u00e1 no celular roubado. Reginaldo e Jurema exigem que Cora continue com os seus afazeres dom\u00e9sticos.<\/p>\n<p>Maur\u00edlio recebe o celular de Cora de um desconhecido e v\u00ea a foto do Comendador. \u00c9rika liga para Robert\u00e3o. Cristina presta uma homenagem a seu pai em sua formatura. Antoninho sugere que Jos\u00e9 Alfredo se esconda no barrac\u00e3o da escola. Cristina dan\u00e7a com Vicente. Maria Marta se encontra com T\u00e9o. Maria Clara v\u00ea Cristina e Vicente quase se beijando.<\/p>\n<p>(*) edi\u00e7\u00e3o das novelas da Globo, \u201cImp\u00e9rio\u201d, sujeito a altera\u00e7\u00e3o de data e conte\u00fado.<\/p>\n<p>Sinopse Novela &#8220;Imp\u00e9rio&#8221;: hist\u00f3ria do pernambucano Jos\u00e9 Alfredo de Medeiros (Chay Suede\/Alexandre Nero), o homem de preto. Dono de uma rede de joalherias, o Comendador tem tr\u00eas filhos com a aristocrata falida Maria Marta Mendon\u00e7a e Albuquerque (Adriana Birolli\/Lilia Cabral): Jos\u00e9 Pedro (Caio Blat), Maria Clara (Andreia Horta) e Jo\u00e3o Lucas (Daniel Rocha). Os tr\u00eas disputam a heran\u00e7a da empresa constru\u00edda pelo pai.<\/p>\n","protected":false},"excerpt":{"rendered":"<p>Resumo novela \u201cImp\u00e9rio\u201d em 24\/09: no cap\u00edtulo 143(*) da novela, Cora enfrenta Jos\u00e9 Alfredo. Maria \u00cdsis discute com Cora. Maria \u00cdsis liga para Josu\u00e9. Cora faz uma proposta para o Comendador. Cora tira uma foto de Jos\u00e9 Alfredo para provar que ele est\u00e1 vivo. Capangas em busca do Comendador invadem o apartamento de Maria \u00cdsis [&hellip;]<\/p>\n","protected":false},"author":4,"featured_media":205061,"comment_status":"closed","ping_status":"closed","sticky":false,"template":"","format":"standard","meta":{"tdm_status":"","tdm_grid_status":"","footnotes":""},"categories":[2196,379,375,2025,343],"tags":[441],"class_list":{"0":"post-210745","1":"post","2":"type-post","3":"status-publish","4":"format-standard","5":"has-post-thumbnail","7":"category-imperio","8":"category-novelas","9":"category-rede-globo","10":"category-resumo","11":"category-televisao","12":"tag-resumo-do-dia"},"_links":{"self":[{"href":"https:\/\/migracao.redenoticia.com.br\/noticia\/wp-json\/wp\/v2\/posts\/210745","targetHints":{"allow":["GET"]}}],"collection":[{"href":"https:\/\/migracao.redenoticia.com.br\/noticia\/wp-json\/wp\/v2\/posts"}],"about":[{"href":"https:\/\/migracao.redenoticia.com.br\/noticia\/wp-json\/wp\/v2\/types\/post"}],"author":[{"embeddable":true,"href":"https:\/\/migracao.redenoticia.com.br\/noticia\/wp-json\/wp\/v2\/users\/4"}],"replies":[{"embeddable":true,"href":"https:\/\/migracao.redenoticia.com.br\/noticia\/wp-json\/wp\/v2\/comments?post=210745"}],"version-history":[{"count":0,"href":"https:\/\/migracao.redenoticia.com.br\/noticia\/wp-json\/wp\/v2\/posts\/210745\/revisions"}],"wp:featuredmedia":[{"embeddable":true,"href":"https:\/\/migracao.redenoticia.com.br\/noticia\/wp-json\/wp\/v2\/media\/205061"}],"wp:attachment":[{"href":"https:\/\/migracao.redenoticia.com.br\/noticia\/wp-json\/wp\/v2\/media?parent=210745"}],"wp:term":[{"taxonomy":"category","embeddable":true,"href":"https:\/\/migracao.redenoticia.com.br\/noticia\/wp-json\/wp\/v2\/categories?post=210745"},{"taxonomy":"post_tag","embeddable":true,"href":"https:\/\/migracao.redenoticia.com.br\/noticia\/wp-json\/wp\/v2\/tags?post=210745"}],"curies":[{"name":"wp","href":"https:\/\/api.w.org\/{rel}","templated":true}]}}