{"id":210783,"date":"2021-09-24T12:32:04","date_gmt":"2021-09-24T15:32:04","guid":{"rendered":"https:\/\/www.redenoticia.com.br\/noticia\/?p=210783"},"modified":"2021-09-24T12:32:04","modified_gmt":"2021-09-24T15:32:04","slug":"resumo-imperio-25-09-lorraine-entrega-album-de-silviano-para-erika","status":"publish","type":"post","link":"https:\/\/migracao.redenoticia.com.br\/noticia\/2021\/resumo-imperio-25-09-lorraine-entrega-album-de-silviano-para-erika\/210783","title":{"rendered":"Resumo \u201cImp\u00e9rio\u201d 25\/09: Lorraine entrega \u00e1lbum de Silviano para \u00c9rika"},"content":{"rendered":"<p><img loading=\"lazy\" decoding=\"async\" class=\"aligncenter size-full wp-image-205063\" src=\"https:\/\/migracao.redenoticia.com.br\/noticia\/imagens\/novela-imperio-resumo-elenco.jpeg\" alt=\"\" width=\"1280\" height=\"720\" srcset=\"https:\/\/migracao.redenoticia.com.br\/noticia\/imagens\/novela-imperio-resumo-elenco.jpeg 1280w, https:\/\/migracao.redenoticia.com.br\/noticia\/imagens\/novela-imperio-resumo-elenco-250x140.jpeg 250w, https:\/\/migracao.redenoticia.com.br\/noticia\/imagens\/novela-imperio-resumo-elenco-400x225.jpeg 400w, https:\/\/migracao.redenoticia.com.br\/noticia\/imagens\/novela-imperio-resumo-elenco-768x432.jpeg 768w, https:\/\/migracao.redenoticia.com.br\/noticia\/imagens\/novela-imperio-resumo-elenco-150x85.jpeg 150w\" sizes=\"auto, (max-width: 1280px) 100vw, 1280px\" \/><\/p>\n<p><em><strong>Resumo novela \u201cImp\u00e9rio\u201d<\/strong><\/em> em 25\/09: no cap\u00edtulo 144(*) da novela, Maria Clara se incomoda com a proximidade entre Cristina e Vicente. Maria Marta conversa com T\u00e9o Pereira. Clara d\u00e1 um ultimato em Vicente. Magn\u00f3lia sente falta de Robert\u00e3o e Maria \u00cdsis. Beatriz convida Maria \u00cdsis para jantar em sua casa. Jos\u00e9 Alfredo e Josu\u00e9 ajudam nos preparativos para o desfile de carnaval. \u00c9rika e Lorraine combinam um encontro. T\u00e9o Pereira pergunta a Maria Marta o nome de seu primeiro marido e ela responde.<\/p>\n<p>Maria Marta aconselha Maria Clara sobre a rela\u00e7\u00e3o dela com Vicente. Lorraine entrega o \u00e1lbum de Silviano para \u00c9rika. Maria Clara liga para Vicente. Kelly e Batista arrumam o apartamento de Maria \u00cdsis. Jos\u00e9 Alfredo e Antoninho conversam. Maria Marta tranquiliza Silviano. Robert\u00e3o faz uma sess\u00e3o de fotos em Paris. Maria Clara e Vicente fazem as pazes. Carmem e Orville conversam. Lorraine pede um favor a Xana. Maria Marta vai ao jantar na casa de Cl\u00e1udio e v\u00ea o carro de Josu\u00e9.<\/p>\n<p>(*) edi\u00e7\u00e3o das novelas da Globo, \u201cImp\u00e9rio\u201d, sujeito a altera\u00e7\u00e3o de data e conte\u00fado.<\/p>\n<p>Sinopse Novela &#8220;Imp\u00e9rio&#8221;: hist\u00f3ria do pernambucano Jos\u00e9 Alfredo de Medeiros (Chay Suede\/Alexandre Nero), o homem de preto. Dono de uma rede de joalherias, o Comendador tem tr\u00eas filhos com a aristocrata falida Maria Marta Mendon\u00e7a e Albuquerque (Adriana Birolli\/Lilia Cabral): Jos\u00e9 Pedro (Caio Blat), Maria Clara (Andreia Horta) e Jo\u00e3o Lucas (Daniel Rocha). Os tr\u00eas disputam a heran\u00e7a da empresa constru\u00edda pelo pai.<\/p>\n","protected":false},"excerpt":{"rendered":"<p>Resumo novela \u201cImp\u00e9rio\u201d em 25\/09: no cap\u00edtulo 144(*) da novela, Maria Clara se incomoda com a proximidade entre Cristina e Vicente. Maria Marta conversa com T\u00e9o Pereira. Clara d\u00e1 um ultimato em Vicente. Magn\u00f3lia sente falta de Robert\u00e3o e Maria \u00cdsis. Beatriz convida Maria \u00cdsis para jantar em sua casa. Jos\u00e9 Alfredo e Josu\u00e9 ajudam [&hellip;]<\/p>\n","protected":false},"author":4,"featured_media":205061,"comment_status":"closed","ping_status":"closed","sticky":false,"template":"","format":"standard","meta":{"tdm_status":"","tdm_grid_status":"","footnotes":""},"categories":[2196,379,375,2025,343],"tags":[441],"class_list":{"0":"post-210783","1":"post","2":"type-post","3":"status-publish","4":"format-standard","5":"has-post-thumbnail","7":"category-imperio","8":"category-novelas","9":"category-rede-globo","10":"category-resumo","11":"category-televisao","12":"tag-resumo-do-dia"},"_links":{"self":[{"href":"https:\/\/migracao.redenoticia.com.br\/noticia\/wp-json\/wp\/v2\/posts\/210783","targetHints":{"allow":["GET"]}}],"collection":[{"href":"https:\/\/migracao.redenoticia.com.br\/noticia\/wp-json\/wp\/v2\/posts"}],"about":[{"href":"https:\/\/migracao.redenoticia.com.br\/noticia\/wp-json\/wp\/v2\/types\/post"}],"author":[{"embeddable":true,"href":"https:\/\/migracao.redenoticia.com.br\/noticia\/wp-json\/wp\/v2\/users\/4"}],"replies":[{"embeddable":true,"href":"https:\/\/migracao.redenoticia.com.br\/noticia\/wp-json\/wp\/v2\/comments?post=210783"}],"version-history":[{"count":0,"href":"https:\/\/migracao.redenoticia.com.br\/noticia\/wp-json\/wp\/v2\/posts\/210783\/revisions"}],"wp:featuredmedia":[{"embeddable":true,"href":"https:\/\/migracao.redenoticia.com.br\/noticia\/wp-json\/wp\/v2\/media\/205061"}],"wp:attachment":[{"href":"https:\/\/migracao.redenoticia.com.br\/noticia\/wp-json\/wp\/v2\/media?parent=210783"}],"wp:term":[{"taxonomy":"category","embeddable":true,"href":"https:\/\/migracao.redenoticia.com.br\/noticia\/wp-json\/wp\/v2\/categories?post=210783"},{"taxonomy":"post_tag","embeddable":true,"href":"https:\/\/migracao.redenoticia.com.br\/noticia\/wp-json\/wp\/v2\/tags?post=210783"}],"curies":[{"name":"wp","href":"https:\/\/api.w.org\/{rel}","templated":true}]}}