{"id":210889,"date":"2021-09-28T15:14:26","date_gmt":"2021-09-28T18:14:26","guid":{"rendered":"https:\/\/www.redenoticia.com.br\/noticia\/?p=210889"},"modified":"2021-09-28T15:14:26","modified_gmt":"2021-09-28T18:14:26","slug":"resumo-te-dou-a-vida-29-09-nicolas-e-liberado-para-receber-visitas","status":"publish","type":"post","link":"https:\/\/migracao.redenoticia.com.br\/noticia\/2021\/resumo-te-dou-a-vida-29-09-nicolas-e-liberado-para-receber-visitas\/210889","title":{"rendered":"Resumo &#8220;Te dou a vida&#8221; 29\/09: N\u00edcolas \u00e9 liberado para receber visitas"},"content":{"rendered":"<p><img loading=\"lazy\" decoding=\"async\" class=\"aligncenter size-full wp-image-210432\" src=\"https:\/\/migracao.redenoticia.com.br\/noticia\/imagens\/te-dou-a-vida-elenco-personagem-novela-resumo.jpeg\" alt=\"\" width=\"1280\" height=\"720\" srcset=\"https:\/\/migracao.redenoticia.com.br\/noticia\/imagens\/te-dou-a-vida-elenco-personagem-novela-resumo.jpeg 1280w, https:\/\/migracao.redenoticia.com.br\/noticia\/imagens\/te-dou-a-vida-elenco-personagem-novela-resumo-250x140.jpeg 250w, https:\/\/migracao.redenoticia.com.br\/noticia\/imagens\/te-dou-a-vida-elenco-personagem-novela-resumo-400x225.jpeg 400w, https:\/\/migracao.redenoticia.com.br\/noticia\/imagens\/te-dou-a-vida-elenco-personagem-novela-resumo-768x432.jpeg 768w, https:\/\/migracao.redenoticia.com.br\/noticia\/imagens\/te-dou-a-vida-elenco-personagem-novela-resumo-150x85.jpeg 150w\" sizes=\"auto, (max-width: 1280px) 100vw, 1280px\" \/><\/p>\n<p><strong><em>Resumo da novela &#8220;Te dou a vida&#8221;<\/em><\/strong> em 29\/09: no cap\u00edtulo 008(*) da novela, Irene fica de muito mau humor ao saber que sua irm\u00e3 se reconciliou com Ernesto, ent\u00e3o decide ligar e pedir para ele se encontrar.<\/p>\n<p>A irm\u00e3 de Elena decide contar a Ernesto que o irm\u00e3o de Pedro trabalha na empresa e que foi a pr\u00f3pria Elena quem autorizou a contrata\u00e7\u00e3o.<\/p>\n<p>A m\u00e3e de Elena, Andrea, decide ajudar Monica a conseguir um encontro, pois n\u00e3o sabe que a jovem por quem est\u00e1 apaixonada \u00e9 seu marido.<\/p>\n<p>Gina decide pedir ao pai que pe\u00e7a a Pedro que conserte um carro que est\u00e1 muito danificado, a jovem quer mant\u00ea-lo ocupado de qualquer maneira.<\/p>\n<p>Gabriela convida Samuel para um encontro com seus amigos e eles come\u00e7am a brincar de verdade ou desafio, ent\u00e3o o desafio \u00e9 tirar um lanche da boca de Samuel.<\/p>\n<p>Pedro recebe um telefonema da enfermeira do hospital informando que Nicol\u00e1s j\u00e1 pode receber visitas, por isso decide visitar seu filho.<\/p>\n<p>Em detalhes, Gina pede a Pedro outra oportunidade, mas ele responde que ainda est\u00e1 confuso com seus sentimentos. Acreditando que Irene falou com Helena para ajud\u00e1-los a salvar o casamento, Ernesto liga para agradecer e nem imagina que ela torce para que os dois n\u00e3o se reconciliem. Ernesto diz a N\u00edcolas que quando ele se recuperar far\u00e3o uma longa viagem. Gina pede ao pai que mantenha Pedro sempre muito ocupado na oficina. Pedro confidencia a Samuel que ap\u00f3s conhecer Helena j\u00e1 n\u00e3o tem certeza do casamento com Gina. Helena pede ao m\u00e9dico de N\u00edcolas que mantenha Pedro informado sobre a evolu\u00e7\u00e3o do menino.<\/p>\n<p>Nelson se sente mal por ter inveja da felicidade de Domingo e Ester. Irene conta a Ernesto que o irm\u00e3o de Pedro est\u00e1 trabalhando na empresa e que foi Helena quem aprovou sua contrata\u00e7\u00e3o. N\u00edcolas \u00e9 liberado pelo m\u00e9dico para brincar com outras crian\u00e7as que tamb\u00e9m est\u00e3o internadas e declara que tamb\u00e9m poder\u00e1 receber visitas. Guilhermina diz a N\u00edcolas que chegou sua primeira visita e ele fica feliz ao ver Pedro.<\/p>\n<p>(*) edi\u00e7\u00e3o das novelas do SBT, &#8220;Te dou a vida&#8221;, sujeito a altera\u00e7\u00e3o de data e conte\u00fado.<\/p>\n<p>Sinopse &#8220;Te dou a vida&#8221;: Nicol\u00e1s (Leonardo Herrera) \u00e9 um garoto de apenas seis anos de idade que padece de leucemia, e necessita de um transplante de medula. Elena (Eva Cede\u00f1o) e Ernesto (Jorge Salinas) s\u00e3o um casal e pais adotivos do menino. Diante da situa\u00e7\u00e3o, o casal decide ir atr\u00e1s do pai biol\u00f3gico da crian\u00e7a, Pedro (Jos\u00e9 Ron). Ele ficar\u00e1 comovido ao conhecer o filho e se aproximar\u00e1 dele e da m\u00e3e adotiva de uma forma muito especial.<\/p>\n","protected":false},"excerpt":{"rendered":"<p>Resumo da novela &#8220;Te dou a vida&#8221; em 29\/09: no cap\u00edtulo 008(*) da novela, Irene fica de muito mau humor ao saber que sua irm\u00e3 se reconciliou com Ernesto, ent\u00e3o decide ligar e pedir para ele se encontrar. A irm\u00e3 de Elena decide contar a Ernesto que o irm\u00e3o de Pedro trabalha na empresa e [&hellip;]<\/p>\n","protected":false},"author":4,"featured_media":210433,"comment_status":"closed","ping_status":"closed","sticky":false,"template":"","format":"standard","meta":{"tdm_status":"","tdm_grid_status":"","footnotes":""},"categories":[379,2025,372,2220,343],"tags":[441],"class_list":{"0":"post-210889","1":"post","2":"type-post","3":"status-publish","4":"format-standard","5":"has-post-thumbnail","7":"category-novelas","8":"category-resumo","9":"category-sbt","10":"category-te-dou-a-vida","11":"category-televisao","12":"tag-resumo-do-dia"},"_links":{"self":[{"href":"https:\/\/migracao.redenoticia.com.br\/noticia\/wp-json\/wp\/v2\/posts\/210889","targetHints":{"allow":["GET"]}}],"collection":[{"href":"https:\/\/migracao.redenoticia.com.br\/noticia\/wp-json\/wp\/v2\/posts"}],"about":[{"href":"https:\/\/migracao.redenoticia.com.br\/noticia\/wp-json\/wp\/v2\/types\/post"}],"author":[{"embeddable":true,"href":"https:\/\/migracao.redenoticia.com.br\/noticia\/wp-json\/wp\/v2\/users\/4"}],"replies":[{"embeddable":true,"href":"https:\/\/migracao.redenoticia.com.br\/noticia\/wp-json\/wp\/v2\/comments?post=210889"}],"version-history":[{"count":0,"href":"https:\/\/migracao.redenoticia.com.br\/noticia\/wp-json\/wp\/v2\/posts\/210889\/revisions"}],"wp:featuredmedia":[{"embeddable":true,"href":"https:\/\/migracao.redenoticia.com.br\/noticia\/wp-json\/wp\/v2\/media\/210433"}],"wp:attachment":[{"href":"https:\/\/migracao.redenoticia.com.br\/noticia\/wp-json\/wp\/v2\/media?parent=210889"}],"wp:term":[{"taxonomy":"category","embeddable":true,"href":"https:\/\/migracao.redenoticia.com.br\/noticia\/wp-json\/wp\/v2\/categories?post=210889"},{"taxonomy":"post_tag","embeddable":true,"href":"https:\/\/migracao.redenoticia.com.br\/noticia\/wp-json\/wp\/v2\/tags?post=210889"}],"curies":[{"name":"wp","href":"https:\/\/api.w.org\/{rel}","templated":true}]}}