{"id":210893,"date":"2021-09-28T15:17:38","date_gmt":"2021-09-28T18:17:38","guid":{"rendered":"https:\/\/www.redenoticia.com.br\/noticia\/?p=210893"},"modified":"2021-09-28T15:17:38","modified_gmt":"2021-09-28T18:17:38","slug":"resumo-coracao-indomavel-29-09-jose-antonio-queima-os-convites-do-realengo","status":"publish","type":"post","link":"https:\/\/migracao.redenoticia.com.br\/noticia\/2021\/resumo-coracao-indomavel-29-09-jose-antonio-queima-os-convites-do-realengo\/210893","title":{"rendered":"Resumo &#8220;Cora\u00e7\u00e3o Indom\u00e1vel&#8221; 29\/09: Jos\u00e9 Antonio queima os convites do realengo"},"content":{"rendered":"<p><img loading=\"lazy\" decoding=\"async\" class=\"aligncenter size-full wp-image-206134\" src=\"https:\/\/migracao.redenoticia.com.br\/noticia\/imagens\/coracao-indomavel-resumo-novela-elenco.jpeg\" alt=\"\" width=\"1280\" height=\"720\" srcset=\"https:\/\/migracao.redenoticia.com.br\/noticia\/imagens\/coracao-indomavel-resumo-novela-elenco.jpeg 1280w, https:\/\/migracao.redenoticia.com.br\/noticia\/imagens\/coracao-indomavel-resumo-novela-elenco-250x140.jpeg 250w, https:\/\/migracao.redenoticia.com.br\/noticia\/imagens\/coracao-indomavel-resumo-novela-elenco-400x225.jpeg 400w, https:\/\/migracao.redenoticia.com.br\/noticia\/imagens\/coracao-indomavel-resumo-novela-elenco-768x432.jpeg 768w, https:\/\/migracao.redenoticia.com.br\/noticia\/imagens\/coracao-indomavel-resumo-novela-elenco-150x85.jpeg 150w\" sizes=\"auto, (max-width: 1280px) 100vw, 1280px\" \/><\/p>\n<p><strong><em>Resumo da novela &#8220;Cora\u00e7\u00e3o Indom\u00e1vel&#8221;<\/em><\/strong> em 29\/09: no cap\u00edtulo 092(*) da novela, Simone diz a Ofelia que tem provas de que Ot\u00e1vio \u00e9 infiel. Ot\u00e1vio nota Simone diferente e pergunta se pode fazer algo para ajud\u00e1-la. Ela diz que ele a ajudaria se chegasse sem marcas de batom em sua roupa, e nem com cheiro de perfume de mulher. Nazario diz a Amador que se vingar\u00e1 de Miguel. Ot\u00e1vio diz a Simone que estava caminhando pelo campo quando \u201cela\u201d se lan\u00e7ou em seus bra\u00e7os e o beijou repetidas vezes sem que ele pudesse evitar.<\/p>\n<p>Simone pergunta se \u201cela\u201d \u00e9 Maricruz e Ot\u00e1vio diz que \u00e9 uma outra mulher, que havia conhecido a algum tempo. Herm\u00ednio procura Jos\u00e9 Antonio para lhe propor um neg\u00f3cio. Maricruz manda Jos\u00e9 Antonio repartir os convites da festa de Lupita entre todos os moradores do realengo. Perico fica sem gra\u00e7a ao conversar com Mudinha e n\u00e3o obter uma resposta. Maricruz se aproxima e o diz que ela \u00e9 surda-muda. O padre prop\u00f5e a Maricruz que fa\u00e7am uma festa em sua casa para a sociedade e outra, em um lugar diferente para os moradores do realengo.<\/p>\n<p>Ot\u00e1vio comenta com Miguel sobre a festa que Maricruz organiza para festejar o batizado de Lupita e seu anivers\u00e1rio, e diz que n\u00e3o ir\u00e1 para n\u00e3o magoar Simone. Jos\u00e9 Antonio rasga e queima os convites destinados aos moradores do realengo. Maricruz diz a Santa que quer saber quem foi o homem que molestou a Mudinha.<\/p>\n<p>No dia da festa, Jos\u00e9 Antonio se surpreende por n\u00e3o ter nenhum convidado na festa, Maricruz pergunta a ele se realmente foram divididos os convites entre os moradores da regi\u00e3o, ele afirma que todos os convites foram entregues e que acredita que ningu\u00e9m compareceu pois todos est\u00e3o zangados com ela. Maricruz ordena que capatazes tragam para a festa todos os moradores do realengo.<\/p>\n<p>(*) edi\u00e7\u00e3o das novelas do SBT, &#8220;Cora\u00e7\u00e3o Indom\u00e1vel&#8221;, sujeito a altera\u00e7\u00e3o de data e conte\u00fado.<\/p>\n<p>Sinopse &#8220;Cora\u00e7\u00e3o Indom\u00e1vel&#8221;: A novela conta a hist\u00f3ria da pobre Maricruz que, ap\u00f3s ter sido abandonada pelo marido, decide se vingar daqueles que a humilharam. Ela descobre ser filha de um homem rico, tornando-se uma mulher da alta sociedade.<\/p>\n","protected":false},"excerpt":{"rendered":"<p>Resumo da novela &#8220;Cora\u00e7\u00e3o Indom\u00e1vel&#8221; em 29\/09: no cap\u00edtulo 092(*) da novela, Simone diz a Ofelia que tem provas de que Ot\u00e1vio \u00e9 infiel. Ot\u00e1vio nota Simone diferente e pergunta se pode fazer algo para ajud\u00e1-la. Ela diz que ele a ajudaria se chegasse sem marcas de batom em sua roupa, e nem com cheiro [&hellip;]<\/p>\n","protected":false},"author":4,"featured_media":206133,"comment_status":"closed","ping_status":"closed","sticky":false,"template":"","format":"standard","meta":{"tdm_status":"","tdm_grid_status":"","footnotes":""},"categories":[2200,379,2025,372,343],"tags":[441],"class_list":{"0":"post-210893","1":"post","2":"type-post","3":"status-publish","4":"format-standard","5":"has-post-thumbnail","7":"category-coracao-indomavel","8":"category-novelas","9":"category-resumo","10":"category-sbt","11":"category-televisao","12":"tag-resumo-do-dia"},"_links":{"self":[{"href":"https:\/\/migracao.redenoticia.com.br\/noticia\/wp-json\/wp\/v2\/posts\/210893","targetHints":{"allow":["GET"]}}],"collection":[{"href":"https:\/\/migracao.redenoticia.com.br\/noticia\/wp-json\/wp\/v2\/posts"}],"about":[{"href":"https:\/\/migracao.redenoticia.com.br\/noticia\/wp-json\/wp\/v2\/types\/post"}],"author":[{"embeddable":true,"href":"https:\/\/migracao.redenoticia.com.br\/noticia\/wp-json\/wp\/v2\/users\/4"}],"replies":[{"embeddable":true,"href":"https:\/\/migracao.redenoticia.com.br\/noticia\/wp-json\/wp\/v2\/comments?post=210893"}],"version-history":[{"count":0,"href":"https:\/\/migracao.redenoticia.com.br\/noticia\/wp-json\/wp\/v2\/posts\/210893\/revisions"}],"wp:featuredmedia":[{"embeddable":true,"href":"https:\/\/migracao.redenoticia.com.br\/noticia\/wp-json\/wp\/v2\/media\/206133"}],"wp:attachment":[{"href":"https:\/\/migracao.redenoticia.com.br\/noticia\/wp-json\/wp\/v2\/media?parent=210893"}],"wp:term":[{"taxonomy":"category","embeddable":true,"href":"https:\/\/migracao.redenoticia.com.br\/noticia\/wp-json\/wp\/v2\/categories?post=210893"},{"taxonomy":"post_tag","embeddable":true,"href":"https:\/\/migracao.redenoticia.com.br\/noticia\/wp-json\/wp\/v2\/tags?post=210893"}],"curies":[{"name":"wp","href":"https:\/\/api.w.org\/{rel}","templated":true}]}}