{"id":210896,"date":"2021-09-28T15:18:52","date_gmt":"2021-09-28T18:18:52","guid":{"rendered":"https:\/\/www.redenoticia.com.br\/noticia\/?p=210896"},"modified":"2021-09-28T15:18:52","modified_gmt":"2021-09-28T18:18:52","slug":"resumo-chiquititas-29-09-carmem-interna-gabriela","status":"publish","type":"post","link":"https:\/\/migracao.redenoticia.com.br\/noticia\/2021\/resumo-chiquititas-29-09-carmem-interna-gabriela\/210896","title":{"rendered":"Resumo \u201cChiquititas\u201d 29\/09: Carmem interna Gabriela"},"content":{"rendered":"<p><img loading=\"lazy\" decoding=\"async\" class=\"aligncenter size-full wp-image-195897\" src=\"https:\/\/migracao.redenoticia.com.br\/noticia\/imagens\/chiquititas-resumo-sinopse.jpg\" alt=\"\" width=\"1280\" height=\"720\" srcset=\"https:\/\/migracao.redenoticia.com.br\/noticia\/imagens\/chiquititas-resumo-sinopse.jpg 1280w, https:\/\/migracao.redenoticia.com.br\/noticia\/imagens\/chiquititas-resumo-sinopse-250x140.jpg 250w, https:\/\/migracao.redenoticia.com.br\/noticia\/imagens\/chiquititas-resumo-sinopse-400x225.jpg 400w, https:\/\/migracao.redenoticia.com.br\/noticia\/imagens\/chiquititas-resumo-sinopse-768x432.jpg 768w, https:\/\/migracao.redenoticia.com.br\/noticia\/imagens\/chiquititas-resumo-sinopse-150x85.jpg 150w, https:\/\/migracao.redenoticia.com.br\/noticia\/imagens\/chiquititas-resumo-sinopse-696x392.jpg 696w, https:\/\/migracao.redenoticia.com.br\/noticia\/imagens\/chiquititas-resumo-sinopse-1068x601.jpg 1068w\" sizes=\"auto, (max-width: 1280px) 100vw, 1280px\" \/><\/p>\n<p><strong><em>Resumo da novela \u201cChiquititas\u201d<\/em><\/strong> em 29\/09: no cap\u00edtulo 350(*) da novela, Marian escuta Gabriela dizer sozinha que agora \u00e9 s\u00f3 levar o cabelo dela para o laborat\u00f3rio para fazer o exame de DNA. Pa\u00e7oca conversa com dois ex-colegas da \u00e9poca que morava na rua e conta sobre o tesouro escondido no orfanato. Os tr\u00eas decidem ir atr\u00e1s do tesouro. Marian conta sobre o que ouviu para Carmen. A megera responde que est\u00e1 se preparando para isso h\u00e1 um tempo e que est\u00e1 na hora de colocar seu plano em pr\u00e1tica. Thiago chega \u00e0 escola com um novo estilo de roupa e de carro com motorista, deixando as chiquititas impressionadas. Eduarda volta a morar com Tobias e Maria Cec\u00edlia.<\/p>\n<p>C\u00edcero vai at\u00e9 o Caf\u00e9 Boutique e pede emprego para Junior. O empres\u00e1rio o contrata como o novo seguran\u00e7a do Caf\u00e9. Helena conversa com Carol no orfanato, diz que pedir\u00e1 demiss\u00e3o e que ir\u00e1 com L\u00facia para longe. A mulher enfatiza que o orfanato n\u00e3o faz bem para elas. Carol se preocupa com o bem estar de L\u00facia. Na escola, a professora anuncia que haver\u00e1 um festival de clipes musicais, mas que todos ter\u00e3o apenas 48 horas para preparar e produzir tudo. Gabriela diz para Carmen que tudo que ela est\u00e1 vivendo pode ser uma grande mentira.<\/p>\n<p>Carmen finge que est\u00e1 chocada com o comportamento de Gabriela e que ela est\u00e1 ficando louca, com desconfian\u00e7a de todos. No orfanato, Ernestina v\u00ea Pa\u00e7oca com os dois garotos que tentaram roubar o orfanato no passado e com a ajuda de Chico, encurralam os garotos, que confessam ter ido l\u00e1 ap\u00f3s saber de um tesouro. Carol chega ao local e escuta a conversa. Chico, Carol e Ernestina dizem que n\u00e3o existe tesouro e que tudo era apenas uma brincadeira de crian\u00e7a.<\/p>\n<p>Carol d\u00e1 segunda chance a Pa\u00e7oca<\/p>\n<p>Carmen chega \u00e0 mans\u00e3o dos Almeida Campos com dois enfermeiros e diz para Gabriela que eles s\u00e3o para intern\u00e1-la em uma cl\u00ednica psiqui\u00e1trica. Gabriela tenta falar que n\u00e3o est\u00e1 louca, mas \u00e9 levada pelos enfermeiros. Junior e Andreia contam para Diego que Junior n\u00e3o \u00e9 o pai dele. Carmem finge para Duda, na frente de Marian, que Gabriela foi embora sem se despedir. Carol conversa com Pa\u00e7oca e d\u00e1 uma segunda chance ao garoto em troca dele se comportar, estudar e n\u00e3o leva estranhos para o orfanato.<\/p>\n<p>Chico conta para Neco que Helena est\u00e1 se mudando com L\u00facia. Neco vai atr\u00e1s de L\u00facia e a convida para fugir com ele. Ela aceita. No orfanato, as chiquititas se dividem para produzir os videoclipes. Matilde liga para Carmen e diz que quer trocar a aranha Brunilda pela tela. Carmen descobre que a aranha fugiu do aqu\u00e1rio. Helena entra no orfanato nervosa e diz que Neco sumiu um L\u00facia. Na casa da \u00e1rvore, Lucia diz para Neco que quer morar no orfanato. Carol lembra Helena que o que ela fazia com L\u00facia era c\u00e1rcere privado.<\/p>\n<p>(*) edi\u00e7\u00e3o das novelas do SBT, \u201cChiquititas\u201d, sujeito a altera\u00e7\u00e3o de data e conte\u00fado.<\/p>\n","protected":false},"excerpt":{"rendered":"<p>Resumo da novela \u201cChiquititas\u201d em 29\/09: no cap\u00edtulo 350(*) da novela, Marian escuta Gabriela dizer sozinha que agora \u00e9 s\u00f3 levar o cabelo dela para o laborat\u00f3rio para fazer o exame de DNA. Pa\u00e7oca conversa com dois ex-colegas da \u00e9poca que morava na rua e conta sobre o tesouro escondido no orfanato. Os tr\u00eas decidem [&hellip;]<\/p>\n","protected":false},"author":4,"featured_media":195894,"comment_status":"closed","ping_status":"closed","sticky":false,"template":"","format":"standard","meta":{"tdm_status":"","tdm_grid_status":"","footnotes":""},"categories":[409,379,2025,372,343],"tags":[441],"class_list":{"0":"post-210896","1":"post","2":"type-post","3":"status-publish","4":"format-standard","5":"has-post-thumbnail","7":"category-chiquititas","8":"category-novelas","9":"category-resumo","10":"category-sbt","11":"category-televisao","12":"tag-resumo-do-dia"},"_links":{"self":[{"href":"https:\/\/migracao.redenoticia.com.br\/noticia\/wp-json\/wp\/v2\/posts\/210896","targetHints":{"allow":["GET"]}}],"collection":[{"href":"https:\/\/migracao.redenoticia.com.br\/noticia\/wp-json\/wp\/v2\/posts"}],"about":[{"href":"https:\/\/migracao.redenoticia.com.br\/noticia\/wp-json\/wp\/v2\/types\/post"}],"author":[{"embeddable":true,"href":"https:\/\/migracao.redenoticia.com.br\/noticia\/wp-json\/wp\/v2\/users\/4"}],"replies":[{"embeddable":true,"href":"https:\/\/migracao.redenoticia.com.br\/noticia\/wp-json\/wp\/v2\/comments?post=210896"}],"version-history":[{"count":0,"href":"https:\/\/migracao.redenoticia.com.br\/noticia\/wp-json\/wp\/v2\/posts\/210896\/revisions"}],"wp:featuredmedia":[{"embeddable":true,"href":"https:\/\/migracao.redenoticia.com.br\/noticia\/wp-json\/wp\/v2\/media\/195894"}],"wp:attachment":[{"href":"https:\/\/migracao.redenoticia.com.br\/noticia\/wp-json\/wp\/v2\/media?parent=210896"}],"wp:term":[{"taxonomy":"category","embeddable":true,"href":"https:\/\/migracao.redenoticia.com.br\/noticia\/wp-json\/wp\/v2\/categories?post=210896"},{"taxonomy":"post_tag","embeddable":true,"href":"https:\/\/migracao.redenoticia.com.br\/noticia\/wp-json\/wp\/v2\/tags?post=210896"}],"curies":[{"name":"wp","href":"https:\/\/api.w.org\/{rel}","templated":true}]}}