{"id":210907,"date":"2021-09-28T15:37:06","date_gmt":"2021-09-28T18:37:06","guid":{"rendered":"https:\/\/www.redenoticia.com.br\/noticia\/?p=210907"},"modified":"2021-09-28T15:37:06","modified_gmt":"2021-09-28T18:37:06","slug":"resumo-imperio-29-09-maurilio-e-expulso-da-sala-de-reunioes","status":"publish","type":"post","link":"https:\/\/migracao.redenoticia.com.br\/noticia\/2021\/resumo-imperio-29-09-maurilio-e-expulso-da-sala-de-reunioes\/210907","title":{"rendered":"Resumo \u201cImp\u00e9rio\u201d 29\/09: Maur\u00edlio \u00e9 expulso da sala de reuni\u00f5es"},"content":{"rendered":"<p><img loading=\"lazy\" decoding=\"async\" class=\"aligncenter size-full wp-image-205063\" src=\"https:\/\/migracao.redenoticia.com.br\/noticia\/imagens\/novela-imperio-resumo-elenco.jpeg\" alt=\"\" width=\"1280\" height=\"720\" srcset=\"https:\/\/migracao.redenoticia.com.br\/noticia\/imagens\/novela-imperio-resumo-elenco.jpeg 1280w, https:\/\/migracao.redenoticia.com.br\/noticia\/imagens\/novela-imperio-resumo-elenco-250x140.jpeg 250w, https:\/\/migracao.redenoticia.com.br\/noticia\/imagens\/novela-imperio-resumo-elenco-400x225.jpeg 400w, https:\/\/migracao.redenoticia.com.br\/noticia\/imagens\/novela-imperio-resumo-elenco-768x432.jpeg 768w, https:\/\/migracao.redenoticia.com.br\/noticia\/imagens\/novela-imperio-resumo-elenco-150x85.jpeg 150w\" sizes=\"auto, (max-width: 1280px) 100vw, 1280px\" \/><\/p>\n<p><em><strong>Resumo novela \u201cImp\u00e9rio\u201d<\/strong><\/em> em 29\/09: no cap\u00edtulo 147(*) da novela, Jos\u00e9 Alfredo \u00e9 aplaudido pelos componentes da escola de samba. Maur\u00edlio procura por Maria Marta. Maria Marta sofre por ter denunciado Jos\u00e9 Alfredo. Magn\u00f3lia conta para T\u00e9o que Silviano foi casado com Maria Marta. Jo\u00e3o Lucas se surpreende ao saber que Jos\u00e9 Alfredo mudou o seu esconderijo. \u00c9rika tenta se desculpar com T\u00e9o. Du flagra Jo\u00e3o Lucas abra\u00e7ando Maria \u00cdsis.<\/p>\n<p>Cristina avisa a Maria Marta que Jos\u00e9 Alfredo foi preso e Cora se desespera. Maria Marta anuncia para T\u00e9o que seu ex-marido est\u00e1 preso. Orville toma uma decis\u00e3o sobre Salvador e comunica a Carmem. Maur\u00edlio \u00e9 expulso da sala de reuni\u00f5es. O delegado Rodrigo pede para Jos\u00e9 Alfredo explicar sua suposta morte.<\/p>\n<p>(*) edi\u00e7\u00e3o das novelas da Globo, \u201cImp\u00e9rio\u201d, sujeito a altera\u00e7\u00e3o de data e conte\u00fado.<\/p>\n<p>Sinopse Novela &#8220;Imp\u00e9rio&#8221;: hist\u00f3ria do pernambucano Jos\u00e9 Alfredo de Medeiros (Chay Suede\/Alexandre Nero), o homem de preto. Dono de uma rede de joalherias, o Comendador tem tr\u00eas filhos com a aristocrata falida Maria Marta Mendon\u00e7a e Albuquerque (Adriana Birolli\/Lilia Cabral): Jos\u00e9 Pedro (Caio Blat), Maria Clara (Andreia Horta) e Jo\u00e3o Lucas (Daniel Rocha). Os tr\u00eas disputam a heran\u00e7a da empresa constru\u00edda pelo pai.<\/p>\n","protected":false},"excerpt":{"rendered":"<p>Resumo novela \u201cImp\u00e9rio\u201d em 29\/09: no cap\u00edtulo 147(*) da novela, Jos\u00e9 Alfredo \u00e9 aplaudido pelos componentes da escola de samba. Maur\u00edlio procura por Maria Marta. Maria Marta sofre por ter denunciado Jos\u00e9 Alfredo. Magn\u00f3lia conta para T\u00e9o que Silviano foi casado com Maria Marta. Jo\u00e3o Lucas se surpreende ao saber que Jos\u00e9 Alfredo mudou o [&hellip;]<\/p>\n","protected":false},"author":4,"featured_media":206992,"comment_status":"closed","ping_status":"closed","sticky":false,"template":"","format":"standard","meta":{"tdm_status":"","tdm_grid_status":"","footnotes":""},"categories":[2196,379,375,2025,343],"tags":[441],"class_list":{"0":"post-210907","1":"post","2":"type-post","3":"status-publish","4":"format-standard","5":"has-post-thumbnail","7":"category-imperio","8":"category-novelas","9":"category-rede-globo","10":"category-resumo","11":"category-televisao","12":"tag-resumo-do-dia"},"_links":{"self":[{"href":"https:\/\/migracao.redenoticia.com.br\/noticia\/wp-json\/wp\/v2\/posts\/210907","targetHints":{"allow":["GET"]}}],"collection":[{"href":"https:\/\/migracao.redenoticia.com.br\/noticia\/wp-json\/wp\/v2\/posts"}],"about":[{"href":"https:\/\/migracao.redenoticia.com.br\/noticia\/wp-json\/wp\/v2\/types\/post"}],"author":[{"embeddable":true,"href":"https:\/\/migracao.redenoticia.com.br\/noticia\/wp-json\/wp\/v2\/users\/4"}],"replies":[{"embeddable":true,"href":"https:\/\/migracao.redenoticia.com.br\/noticia\/wp-json\/wp\/v2\/comments?post=210907"}],"version-history":[{"count":0,"href":"https:\/\/migracao.redenoticia.com.br\/noticia\/wp-json\/wp\/v2\/posts\/210907\/revisions"}],"wp:featuredmedia":[{"embeddable":true,"href":"https:\/\/migracao.redenoticia.com.br\/noticia\/wp-json\/wp\/v2\/media\/206992"}],"wp:attachment":[{"href":"https:\/\/migracao.redenoticia.com.br\/noticia\/wp-json\/wp\/v2\/media?parent=210907"}],"wp:term":[{"taxonomy":"category","embeddable":true,"href":"https:\/\/migracao.redenoticia.com.br\/noticia\/wp-json\/wp\/v2\/categories?post=210907"},{"taxonomy":"post_tag","embeddable":true,"href":"https:\/\/migracao.redenoticia.com.br\/noticia\/wp-json\/wp\/v2\/tags?post=210907"}],"curies":[{"name":"wp","href":"https:\/\/api.w.org\/{rel}","templated":true}]}}