{"id":210933,"date":"2021-09-29T12:46:34","date_gmt":"2021-09-29T15:46:34","guid":{"rendered":"https:\/\/www.redenoticia.com.br\/noticia\/?p=210933"},"modified":"2021-09-29T12:46:34","modified_gmt":"2021-09-29T15:46:34","slug":"resumo-te-dou-a-vida-30-09-ernesto-sente-um-ciume-descontrolado-de-pedro","status":"publish","type":"post","link":"https:\/\/migracao.redenoticia.com.br\/noticia\/2021\/resumo-te-dou-a-vida-30-09-ernesto-sente-um-ciume-descontrolado-de-pedro\/210933","title":{"rendered":"Resumo &#8220;Te dou a vida&#8221; 30\/09: Ernesto sente um ci\u00fame descontrolado de Pedro"},"content":{"rendered":"<p><img loading=\"lazy\" decoding=\"async\" class=\"aligncenter size-full wp-image-210432\" src=\"https:\/\/migracao.redenoticia.com.br\/noticia\/imagens\/te-dou-a-vida-elenco-personagem-novela-resumo.jpeg\" alt=\"\" width=\"1280\" height=\"720\" srcset=\"https:\/\/migracao.redenoticia.com.br\/noticia\/imagens\/te-dou-a-vida-elenco-personagem-novela-resumo.jpeg 1280w, https:\/\/migracao.redenoticia.com.br\/noticia\/imagens\/te-dou-a-vida-elenco-personagem-novela-resumo-250x140.jpeg 250w, https:\/\/migracao.redenoticia.com.br\/noticia\/imagens\/te-dou-a-vida-elenco-personagem-novela-resumo-400x225.jpeg 400w, https:\/\/migracao.redenoticia.com.br\/noticia\/imagens\/te-dou-a-vida-elenco-personagem-novela-resumo-768x432.jpeg 768w, https:\/\/migracao.redenoticia.com.br\/noticia\/imagens\/te-dou-a-vida-elenco-personagem-novela-resumo-150x85.jpeg 150w\" sizes=\"auto, (max-width: 1280px) 100vw, 1280px\" \/><\/p>\n<p><strong><em>Resumo da novela &#8220;Te dou a vida&#8221;<\/em><\/strong> em 30\/09: no cap\u00edtulo 009(*) da novela, Ernesto e Elena discutem novamente porque ele tenta tirar o celular de sua esposa por n\u00e3o acreditar que est\u00e1 falando com sua irm\u00e3.<\/p>\n<p>Gina visita Pedro e eles se reconciliam, enquanto Ernesto passa junto com sua esposa e avisa que vai pensar em contar a Nicol\u00e1s que ele \u00e9 adotado.<\/p>\n<p>Andrea chama Monica para encontr\u00e1-la em um caf\u00e9 e ela aceita sem saber que a senhora est\u00e1 organizando um encontro \u00e0s cegas com um homem.<\/p>\n<p>Todos os dias os domingos apresentam mais sintomas de tontura e Esther come\u00e7a a se preocupar, enquanto Gabriela viaja com Samuel para Cuernavaca e o jovem \u00e9 picado por um escorpi\u00e3o, por isso ela deve lev\u00e1-lo em breve ao hospital.<\/p>\n<p>Gabriela confessa \u00e0 amiga que morre de amor por Samuel e que tamb\u00e9m tem muito ci\u00fame por ele estar namorando Rosa, mas s\u00f3 assim \u00e9 que ele fica por perto, como amigo.<\/p>\n<p>EM detalhes, Pedro visita N\u00edcolas no hospital e leva carrinhos de presente. Ao saber da visita, Ernesto fica furioso e volta a dizer-lhe que n\u00e3o o quer perto de seu filho. Helena diz a Gabriela que o ci\u00fame de Ernesto \u00e9 pelo medo que Pedro lhe roube o carinho de N\u00edcolas. Ernesto pede ao m\u00e9dico que pro\u00edba a entrada de Pedro no hospital. Helena reprova a decis\u00e3o do marido. Domingo aconselha o filho a se esquecer de N\u00edcolas porque ele j\u00e1 tem uma fam\u00edlia.<\/p>\n<p>Nelson planeja inscrever o carro que Pedro em um concurso de carros modificados. Helena comenta com Irene que Ernesto est\u00e1 com um ci\u00fame descontrolado de Pedro. Irene aconselha a irm\u00e3 a permitir que Pedro e N\u00edcolas continuem se vendo \u00e0s escondidas. Pedro se reconcilia com Gina. Helena sugere a Ernesto que conte a verdade a N\u00edcolas antes que ele descubra que \u00e9 adotado. Pedro fica feliz ao receber uma videochamada de N\u00edcolas.<\/p>\n<p>(*) edi\u00e7\u00e3o das novelas do SBT, &#8220;Te dou a vida&#8221;, sujeito a altera\u00e7\u00e3o de data e conte\u00fado.<\/p>\n<p>Sinopse &#8220;Te dou a vida&#8221;: Nicol\u00e1s (Leonardo Herrera) \u00e9 um garoto de apenas seis anos de idade que padece de leucemia, e necessita de um transplante de medula. Elena (Eva Cede\u00f1o) e Ernesto (Jorge Salinas) s\u00e3o um casal e pais adotivos do menino. Diante da situa\u00e7\u00e3o, o casal decide ir atr\u00e1s do pai biol\u00f3gico da crian\u00e7a, Pedro (Jos\u00e9 Ron). Ele ficar\u00e1 comovido ao conhecer o filho e se aproximar\u00e1 dele e da m\u00e3e adotiva de uma forma muito especial.<\/p>\n","protected":false},"excerpt":{"rendered":"<p>Resumo da novela &#8220;Te dou a vida&#8221; em 30\/09: no cap\u00edtulo 009(*) da novela, Ernesto e Elena discutem novamente porque ele tenta tirar o celular de sua esposa por n\u00e3o acreditar que est\u00e1 falando com sua irm\u00e3. Gina visita Pedro e eles se reconciliam, enquanto Ernesto passa junto com sua esposa e avisa que vai [&hellip;]<\/p>\n","protected":false},"author":4,"featured_media":210433,"comment_status":"closed","ping_status":"closed","sticky":false,"template":"","format":"standard","meta":{"tdm_status":"","tdm_grid_status":"","footnotes":""},"categories":[379,2025,372,2220,343],"tags":[441],"class_list":{"0":"post-210933","1":"post","2":"type-post","3":"status-publish","4":"format-standard","5":"has-post-thumbnail","7":"category-novelas","8":"category-resumo","9":"category-sbt","10":"category-te-dou-a-vida","11":"category-televisao","12":"tag-resumo-do-dia"},"_links":{"self":[{"href":"https:\/\/migracao.redenoticia.com.br\/noticia\/wp-json\/wp\/v2\/posts\/210933","targetHints":{"allow":["GET"]}}],"collection":[{"href":"https:\/\/migracao.redenoticia.com.br\/noticia\/wp-json\/wp\/v2\/posts"}],"about":[{"href":"https:\/\/migracao.redenoticia.com.br\/noticia\/wp-json\/wp\/v2\/types\/post"}],"author":[{"embeddable":true,"href":"https:\/\/migracao.redenoticia.com.br\/noticia\/wp-json\/wp\/v2\/users\/4"}],"replies":[{"embeddable":true,"href":"https:\/\/migracao.redenoticia.com.br\/noticia\/wp-json\/wp\/v2\/comments?post=210933"}],"version-history":[{"count":0,"href":"https:\/\/migracao.redenoticia.com.br\/noticia\/wp-json\/wp\/v2\/posts\/210933\/revisions"}],"wp:featuredmedia":[{"embeddable":true,"href":"https:\/\/migracao.redenoticia.com.br\/noticia\/wp-json\/wp\/v2\/media\/210433"}],"wp:attachment":[{"href":"https:\/\/migracao.redenoticia.com.br\/noticia\/wp-json\/wp\/v2\/media?parent=210933"}],"wp:term":[{"taxonomy":"category","embeddable":true,"href":"https:\/\/migracao.redenoticia.com.br\/noticia\/wp-json\/wp\/v2\/categories?post=210933"},{"taxonomy":"post_tag","embeddable":true,"href":"https:\/\/migracao.redenoticia.com.br\/noticia\/wp-json\/wp\/v2\/tags?post=210933"}],"curies":[{"name":"wp","href":"https:\/\/api.w.org\/{rel}","templated":true}]}}