{"id":210936,"date":"2021-09-29T12:47:34","date_gmt":"2021-09-29T15:47:34","guid":{"rendered":"https:\/\/www.redenoticia.com.br\/noticia\/?p=210936"},"modified":"2021-09-29T12:47:34","modified_gmt":"2021-09-29T15:47:34","slug":"resumo-coracao-indomavel-30-09-otavio-descobre-que-jose-antonio-esta-a-roubar-maricruz","status":"publish","type":"post","link":"https:\/\/migracao.redenoticia.com.br\/noticia\/2021\/resumo-coracao-indomavel-30-09-otavio-descobre-que-jose-antonio-esta-a-roubar-maricruz\/210936","title":{"rendered":"Resumo &#8220;Cora\u00e7\u00e3o Indom\u00e1vel&#8221; 30\/09: Ot\u00e1vio descobre que Jos\u00e9 Antonio est\u00e1 a roubar Maricruz"},"content":{"rendered":"<p><img loading=\"lazy\" decoding=\"async\" class=\"aligncenter size-full wp-image-206134\" src=\"https:\/\/migracao.redenoticia.com.br\/noticia\/imagens\/coracao-indomavel-resumo-novela-elenco.jpeg\" alt=\"\" width=\"1280\" height=\"720\" srcset=\"https:\/\/migracao.redenoticia.com.br\/noticia\/imagens\/coracao-indomavel-resumo-novela-elenco.jpeg 1280w, https:\/\/migracao.redenoticia.com.br\/noticia\/imagens\/coracao-indomavel-resumo-novela-elenco-250x140.jpeg 250w, https:\/\/migracao.redenoticia.com.br\/noticia\/imagens\/coracao-indomavel-resumo-novela-elenco-400x225.jpeg 400w, https:\/\/migracao.redenoticia.com.br\/noticia\/imagens\/coracao-indomavel-resumo-novela-elenco-768x432.jpeg 768w, https:\/\/migracao.redenoticia.com.br\/noticia\/imagens\/coracao-indomavel-resumo-novela-elenco-150x85.jpeg 150w\" sizes=\"auto, (max-width: 1280px) 100vw, 1280px\" \/><\/p>\n<p><strong><em>Resumo da novela &#8220;Cora\u00e7\u00e3o Indom\u00e1vel&#8221;<\/em><\/strong> em 30\/09: no cap\u00edtulo 093(*) da novela, Simone v\u00ea a chuva atrav\u00e9s da janela e diz a Ot\u00e1vio que hoje seu lar com ele \u00e9 mais acolhedor. Ot\u00e1vio diz a ela que esperar\u00e1 sair o sol para ajudar aos que nada tem para seu sustento. Maricruz, pela crise econ\u00f4mica, vende alguns de seus neg\u00f3cios e sua casa na capital. Pouco tempo depois, j\u00e1 est\u00e1 novamente sem dinheiro. Natasha pinta Perico. Maricruz diz a Rivera que a administra\u00e7\u00e3o da fazenda deve ter algum problema, e que isso tamb\u00e9m j\u00e1 ocorria na \u00e9poca de Miguel. Finaliza dizendo que falar\u00e1 com Jos\u00e9 Antonio.<\/p>\n<p>Jos\u00e9 Antonio critica Esther, dizendo que ela est\u00e1 muito descuidada e que existem mulheres muito mais bonitas que ela. Miguel diz a Ot\u00e1vio que Jos\u00e9 Antonio est\u00e1 roubando Maricruz. Ot\u00e1vio diz que se algo acontecer com Maricruz, ele a defender\u00e1. Miguel informa a Simone sobre a ru\u00edna de Maricruz, que seus compradores n\u00e3o pagam e se aproveitam de sua boa vontade. Natasha pinta Jos\u00e9 Antonio, e ele diz que Esther a odeia. Natasha diz que ela n\u00e3o precisa se preocupar. Ot\u00e1vio diz a Maricruz que Jos\u00e9 Antonio est\u00e1 lhe roubando. Maricruz se nega a acreditar. Simone diz a Ofelia que sabe que na verdade Ot\u00e1vio n\u00e3o a ama.<\/p>\n<p>Moraes diz a Maricruz que o prazo para que os moradores de realengo sejam expulsos acabou, e pergunta se realmente ela vai os acolher em suas terras. Natasha diz a Tom\u00e1sia que n\u00e3o ir\u00e1 embora antes de pintar Ot\u00e1vio. Moraes insinua para Maricruz, ela o rejeita. Moraes diz a Maricruz que se sente muito atra\u00eddo por ela. Esther diz a Jos\u00e9 Antonio sentir asco por sua atitude com Maricruz, mas apesar de sua desonestidade, o ama. Maricruz comenta com Rivera o que Ot\u00e1vio disse, e garante que Jos\u00e9 Antonio est\u00e1 lhe roubando. O advogado promete investigar e pede para Maricruz as contas da fazenda.<\/p>\n<p>(*) edi\u00e7\u00e3o das novelas do SBT, &#8220;Cora\u00e7\u00e3o Indom\u00e1vel&#8221;, sujeito a altera\u00e7\u00e3o de data e conte\u00fado.<\/p>\n<p>Sinopse &#8220;Cora\u00e7\u00e3o Indom\u00e1vel&#8221;: A novela conta a hist\u00f3ria da pobre Maricruz que, ap\u00f3s ter sido abandonada pelo marido, decide se vingar daqueles que a humilharam. Ela descobre ser filha de um homem rico, tornando-se uma mulher da alta sociedade.<\/p>\n","protected":false},"excerpt":{"rendered":"<p>Resumo da novela &#8220;Cora\u00e7\u00e3o Indom\u00e1vel&#8221; em 30\/09: no cap\u00edtulo 093(*) da novela, Simone v\u00ea a chuva atrav\u00e9s da janela e diz a Ot\u00e1vio que hoje seu lar com ele \u00e9 mais acolhedor. Ot\u00e1vio diz a ela que esperar\u00e1 sair o sol para ajudar aos que nada tem para seu sustento. Maricruz, pela crise econ\u00f4mica, vende [&hellip;]<\/p>\n","protected":false},"author":4,"featured_media":206133,"comment_status":"closed","ping_status":"closed","sticky":false,"template":"","format":"standard","meta":{"tdm_status":"","tdm_grid_status":"","footnotes":""},"categories":[2200,379,2025,372,343],"tags":[441],"class_list":{"0":"post-210936","1":"post","2":"type-post","3":"status-publish","4":"format-standard","5":"has-post-thumbnail","7":"category-coracao-indomavel","8":"category-novelas","9":"category-resumo","10":"category-sbt","11":"category-televisao","12":"tag-resumo-do-dia"},"_links":{"self":[{"href":"https:\/\/migracao.redenoticia.com.br\/noticia\/wp-json\/wp\/v2\/posts\/210936","targetHints":{"allow":["GET"]}}],"collection":[{"href":"https:\/\/migracao.redenoticia.com.br\/noticia\/wp-json\/wp\/v2\/posts"}],"about":[{"href":"https:\/\/migracao.redenoticia.com.br\/noticia\/wp-json\/wp\/v2\/types\/post"}],"author":[{"embeddable":true,"href":"https:\/\/migracao.redenoticia.com.br\/noticia\/wp-json\/wp\/v2\/users\/4"}],"replies":[{"embeddable":true,"href":"https:\/\/migracao.redenoticia.com.br\/noticia\/wp-json\/wp\/v2\/comments?post=210936"}],"version-history":[{"count":0,"href":"https:\/\/migracao.redenoticia.com.br\/noticia\/wp-json\/wp\/v2\/posts\/210936\/revisions"}],"wp:featuredmedia":[{"embeddable":true,"href":"https:\/\/migracao.redenoticia.com.br\/noticia\/wp-json\/wp\/v2\/media\/206133"}],"wp:attachment":[{"href":"https:\/\/migracao.redenoticia.com.br\/noticia\/wp-json\/wp\/v2\/media?parent=210936"}],"wp:term":[{"taxonomy":"category","embeddable":true,"href":"https:\/\/migracao.redenoticia.com.br\/noticia\/wp-json\/wp\/v2\/categories?post=210936"},{"taxonomy":"post_tag","embeddable":true,"href":"https:\/\/migracao.redenoticia.com.br\/noticia\/wp-json\/wp\/v2\/tags?post=210936"}],"curies":[{"name":"wp","href":"https:\/\/api.w.org\/{rel}","templated":true}]}}