{"id":210951,"date":"2021-09-29T12:56:02","date_gmt":"2021-09-29T15:56:02","guid":{"rendered":"https:\/\/www.redenoticia.com.br\/noticia\/?p=210951"},"modified":"2021-09-29T12:56:02","modified_gmt":"2021-09-29T15:56:02","slug":"resumo-imperio-30-09-maria-marta-se-encontra-com-jose-alfredo","status":"publish","type":"post","link":"https:\/\/migracao.redenoticia.com.br\/noticia\/2021\/resumo-imperio-30-09-maria-marta-se-encontra-com-jose-alfredo\/210951","title":{"rendered":"Resumo \u201cImp\u00e9rio\u201d 30\/09: Maria Marta se encontra com Jos\u00e9 Alfredo"},"content":{"rendered":"<p><img loading=\"lazy\" decoding=\"async\" class=\"aligncenter size-full wp-image-205063\" src=\"https:\/\/migracao.redenoticia.com.br\/noticia\/imagens\/novela-imperio-resumo-elenco.jpeg\" alt=\"\" width=\"1280\" height=\"720\" srcset=\"https:\/\/migracao.redenoticia.com.br\/noticia\/imagens\/novela-imperio-resumo-elenco.jpeg 1280w, https:\/\/migracao.redenoticia.com.br\/noticia\/imagens\/novela-imperio-resumo-elenco-250x140.jpeg 250w, https:\/\/migracao.redenoticia.com.br\/noticia\/imagens\/novela-imperio-resumo-elenco-400x225.jpeg 400w, https:\/\/migracao.redenoticia.com.br\/noticia\/imagens\/novela-imperio-resumo-elenco-768x432.jpeg 768w, https:\/\/migracao.redenoticia.com.br\/noticia\/imagens\/novela-imperio-resumo-elenco-150x85.jpeg 150w\" sizes=\"auto, (max-width: 1280px) 100vw, 1280px\" \/><\/p>\n<p><em><strong>Resumo novela \u201cImp\u00e9rio\u201d<\/strong><\/em> em 30\/09: no cap\u00edtulo 148(*) da novela, Cristina afirma aos irm\u00e3os que Jos\u00e9 Alfredo ir\u00e1 recuperar o dinheiro roubado. Maria Clara e Jos\u00e9 Pedro ficam indignados com Cristina. Vicente tenta consolar Maria Clara. Cora implora para Jurema e Reginaldo lhe concederem uma folga. Danielle tenta avisar a Maur\u00edlio que Jos\u00e9 Alfredo est\u00e1 vivo. Reginaldo observa Cora dormir.<\/p>\n<p>Jos\u00e9 Alfredo inicia seu depoimento para o delegado. T\u00e9o tenta confirmar com Maria Marta se Silviano foi seu primeiro marido. Magn\u00f3lia fica encantada com a mat\u00e9ria que T\u00e9o escreve sobre ela. Maria Marta implora para Rodrigo deix\u00e1-la falar com Jos\u00e9 Alfredo. Jo\u00e3o Lucas defende Cristina. Maria Marta se encontra com Jos\u00e9 Alfredo.<\/p>\n<p>(*) edi\u00e7\u00e3o das novelas da Globo, \u201cImp\u00e9rio\u201d, sujeito a altera\u00e7\u00e3o de data e conte\u00fado.<\/p>\n<p>Sinopse Novela &#8220;Imp\u00e9rio&#8221;: hist\u00f3ria do pernambucano Jos\u00e9 Alfredo de Medeiros (Chay Suede\/Alexandre Nero), o homem de preto. Dono de uma rede de joalherias, o Comendador tem tr\u00eas filhos com a aristocrata falida Maria Marta Mendon\u00e7a e Albuquerque (Adriana Birolli\/Lilia Cabral): Jos\u00e9 Pedro (Caio Blat), Maria Clara (Andreia Horta) e Jo\u00e3o Lucas (Daniel Rocha). Os tr\u00eas disputam a heran\u00e7a da empresa constru\u00edda pelo pai.<\/p>\n","protected":false},"excerpt":{"rendered":"<p>Resumo novela \u201cImp\u00e9rio\u201d em 30\/09: no cap\u00edtulo 148(*) da novela, Cristina afirma aos irm\u00e3os que Jos\u00e9 Alfredo ir\u00e1 recuperar o dinheiro roubado. Maria Clara e Jos\u00e9 Pedro ficam indignados com Cristina. Vicente tenta consolar Maria Clara. Cora implora para Jurema e Reginaldo lhe concederem uma folga. Danielle tenta avisar a Maur\u00edlio que Jos\u00e9 Alfredo est\u00e1 [&hellip;]<\/p>\n","protected":false},"author":4,"featured_media":205061,"comment_status":"closed","ping_status":"closed","sticky":false,"template":"","format":"standard","meta":{"tdm_status":"","tdm_grid_status":"","footnotes":""},"categories":[2196,379,375,2025,343],"tags":[441],"class_list":{"0":"post-210951","1":"post","2":"type-post","3":"status-publish","4":"format-standard","5":"has-post-thumbnail","7":"category-imperio","8":"category-novelas","9":"category-rede-globo","10":"category-resumo","11":"category-televisao","12":"tag-resumo-do-dia"},"_links":{"self":[{"href":"https:\/\/migracao.redenoticia.com.br\/noticia\/wp-json\/wp\/v2\/posts\/210951","targetHints":{"allow":["GET"]}}],"collection":[{"href":"https:\/\/migracao.redenoticia.com.br\/noticia\/wp-json\/wp\/v2\/posts"}],"about":[{"href":"https:\/\/migracao.redenoticia.com.br\/noticia\/wp-json\/wp\/v2\/types\/post"}],"author":[{"embeddable":true,"href":"https:\/\/migracao.redenoticia.com.br\/noticia\/wp-json\/wp\/v2\/users\/4"}],"replies":[{"embeddable":true,"href":"https:\/\/migracao.redenoticia.com.br\/noticia\/wp-json\/wp\/v2\/comments?post=210951"}],"version-history":[{"count":0,"href":"https:\/\/migracao.redenoticia.com.br\/noticia\/wp-json\/wp\/v2\/posts\/210951\/revisions"}],"wp:featuredmedia":[{"embeddable":true,"href":"https:\/\/migracao.redenoticia.com.br\/noticia\/wp-json\/wp\/v2\/media\/205061"}],"wp:attachment":[{"href":"https:\/\/migracao.redenoticia.com.br\/noticia\/wp-json\/wp\/v2\/media?parent=210951"}],"wp:term":[{"taxonomy":"category","embeddable":true,"href":"https:\/\/migracao.redenoticia.com.br\/noticia\/wp-json\/wp\/v2\/categories?post=210951"},{"taxonomy":"post_tag","embeddable":true,"href":"https:\/\/migracao.redenoticia.com.br\/noticia\/wp-json\/wp\/v2\/tags?post=210951"}],"curies":[{"name":"wp","href":"https:\/\/api.w.org\/{rel}","templated":true}]}}