{"id":210967,"date":"2021-10-26T06:59:41","date_gmt":"2021-10-26T09:59:41","guid":{"rendered":"https:\/\/www.redenoticia.com.br\/noticia\/?p=210967"},"modified":"2021-10-26T06:59:42","modified_gmt":"2021-10-26T09:59:42","slug":"premio-previsto-do-super-sete-150-e-de-22-milhoes-de-reais","status":"publish","type":"post","link":"https:\/\/migracao.redenoticia.com.br\/noticia\/2021\/premio-previsto-do-super-sete-150-e-de-22-milhoes-de-reais\/210967","title":{"rendered":"Pr\u00eamio previsto do Super Sete 162 \u00e9 de 400 mil"},"content":{"rendered":"<p><img loading=\"lazy\" decoding=\"async\" class=\"wp-image-198344 size-full\" src=\"https:\/\/migracao.redenoticia.com.br\/noticia\/imagens\/super-sete-resultado-premio.jpg\" alt=\"Premia\u00e7\u00e3o do Super Sete\" width=\"1280\" height=\"720\" srcset=\"https:\/\/migracao.redenoticia.com.br\/noticia\/imagens\/super-sete-resultado-premio.jpg 1280w, https:\/\/migracao.redenoticia.com.br\/noticia\/imagens\/super-sete-resultado-premio-250x140.jpg 250w, https:\/\/migracao.redenoticia.com.br\/noticia\/imagens\/super-sete-resultado-premio-400x225.jpg 400w, https:\/\/migracao.redenoticia.com.br\/noticia\/imagens\/super-sete-resultado-premio-768x432.jpg 768w, https:\/\/migracao.redenoticia.com.br\/noticia\/imagens\/super-sete-resultado-premio-150x85.jpg 150w\" sizes=\"auto, (max-width: 1280px) 100vw, 1280px\" \/><\/p>\n<p>O Super Sete de segunda-feira n\u00e3o teve ganhador. O pr\u00eamio previsto para o Super Sete 162, que ser\u00e1 sorteado no dia 27\/10 \u00e9 de R$ 400.000,00.<\/p>\n<p>[pl_imprime_dezenas_sorteadas jogo = &#8216;SuperSete&#8217; sem_tabela = &#8216;sim&#8217;]<\/p>\n<p>Os sorteios do &#8220;Super Sete&#8221; s\u00e3o realizados a partir das 20 horas, sempre \u00e0s segundas, quartas e sextas-feiras. As vendas de cada concurso se encerram no dia do sorteio \u00e0s 17h e, logo ap\u00f3s, come\u00e7a a capta\u00e7\u00e3o do concurso seguinte.<\/p>\n<p>Os valores apresentados nos Locais da Sorte do &#8220;Super Sete&#8221; correspondem aos pr\u00eamios brutos, sem desconto do Imposto de Renda. O volante cont\u00e9m 7 colunas com 10 n\u00fameros (de 0 a 9) em cada uma. O apostador deve escolher no m\u00ednimo 1 n\u00famero por coluna. Se preferir, pode fazer apostas m\u00faltiplas e escolher mais n\u00fameros por coluna, marcando at\u00e9 2 n\u00fameros por coluna, com 8 a 14 n\u00fameros marcados, ou 3 n\u00fameros por coluna, com 15 a 21 n\u00fameros marcados. Uma aposta simples, de 1 n\u00famero por coluna, custa R $ 2,50.<\/p>\n<p>Para aumentar conforme as chances de ganhar, os apostadores tamb\u00e9m podem se organizar em grupos e participar de um Bol\u00e3o. Para o Super Sete, os bol\u00f5es t\u00eam pre\u00e7o m\u00ednimo de R $ 10, e cada cota deve ser de, pelo menos, R $ 5, sendo poss\u00edvel realizar um bol\u00e3o de, no m\u00ednimo, duas e no m\u00e1ximo 100 cotas, conforme dispon\u00edvel no volante.<\/p>\n<p>Confira o bilhete impresso em uma casa lot\u00e9rica. Ele \u00e9 o \u00fanico comprovante da sua aposta.<\/p>\n","protected":false},"excerpt":{"rendered":"<p>O Super Sete de segunda-feira n\u00e3o teve ganhador. O pr\u00eamio previsto para o Super Sete 162, que ser\u00e1 sorteado no dia 27\/10 \u00e9 de R$ 400.000,00. [pl_imprime_dezenas_sorteadas jogo = &#8216;SuperSete&#8217; sem_tabela = &#8216;sim&#8217;] Os sorteios do &#8220;Super Sete&#8221; s\u00e3o realizados a partir das 20 horas, sempre \u00e0s segundas, quartas e sextas-feiras. As vendas de cada [&hellip;]<\/p>\n","protected":false},"author":5,"featured_media":210960,"comment_status":"closed","ping_status":"closed","sticky":false,"template":"","format":"standard","meta":{"tdm_status":"","tdm_grid_status":"","footnotes":""},"categories":[335,2074],"tags":[2221],"class_list":{"0":"post-210967","1":"post","2":"type-post","3":"status-publish","4":"format-standard","5":"has-post-thumbnail","7":"category-loteria","8":"category-super-sete","9":"tag-premio"},"_links":{"self":[{"href":"https:\/\/migracao.redenoticia.com.br\/noticia\/wp-json\/wp\/v2\/posts\/210967","targetHints":{"allow":["GET"]}}],"collection":[{"href":"https:\/\/migracao.redenoticia.com.br\/noticia\/wp-json\/wp\/v2\/posts"}],"about":[{"href":"https:\/\/migracao.redenoticia.com.br\/noticia\/wp-json\/wp\/v2\/types\/post"}],"author":[{"embeddable":true,"href":"https:\/\/migracao.redenoticia.com.br\/noticia\/wp-json\/wp\/v2\/users\/5"}],"replies":[{"embeddable":true,"href":"https:\/\/migracao.redenoticia.com.br\/noticia\/wp-json\/wp\/v2\/comments?post=210967"}],"version-history":[{"count":0,"href":"https:\/\/migracao.redenoticia.com.br\/noticia\/wp-json\/wp\/v2\/posts\/210967\/revisions"}],"wp:featuredmedia":[{"embeddable":true,"href":"https:\/\/migracao.redenoticia.com.br\/noticia\/wp-json\/wp\/v2\/media\/210960"}],"wp:attachment":[{"href":"https:\/\/migracao.redenoticia.com.br\/noticia\/wp-json\/wp\/v2\/media?parent=210967"}],"wp:term":[{"taxonomy":"category","embeddable":true,"href":"https:\/\/migracao.redenoticia.com.br\/noticia\/wp-json\/wp\/v2\/categories?post=210967"},{"taxonomy":"post_tag","embeddable":true,"href":"https:\/\/migracao.redenoticia.com.br\/noticia\/wp-json\/wp\/v2\/tags?post=210967"}],"curies":[{"name":"wp","href":"https:\/\/api.w.org\/{rel}","templated":true}]}}