{"id":210987,"date":"2021-09-30T16:14:05","date_gmt":"2021-09-30T19:14:05","guid":{"rendered":"https:\/\/www.redenoticia.com.br\/noticia\/?p=210987"},"modified":"2021-09-30T16:14:05","modified_gmt":"2021-09-30T19:14:05","slug":"resumo-imperio-01-10-jose-alfredo-recebe-bilhete-misterioso","status":"publish","type":"post","link":"https:\/\/migracao.redenoticia.com.br\/noticia\/2021\/resumo-imperio-01-10-jose-alfredo-recebe-bilhete-misterioso\/210987","title":{"rendered":"Resumo \u201cImp\u00e9rio\u201d 01\/10: Jos\u00e9 Alfredo recebe bilhete misterioso"},"content":{"rendered":"<p> <img loading=\"lazy\" decoding=\"async\" class=\"aligncenter size-full wp-image-205063\" src=\"https:\/\/migracao.redenoticia.com.br\/noticia\/imagens\/novela-imperio-resumo-elenco.jpeg\" alt=\"\" width=\"1280\" height=\"720\" srcset=\"https:\/\/migracao.redenoticia.com.br\/noticia\/imagens\/novela-imperio-resumo-elenco.jpeg 1280w, https:\/\/migracao.redenoticia.com.br\/noticia\/imagens\/novela-imperio-resumo-elenco-250x140.jpeg 250w, https:\/\/migracao.redenoticia.com.br\/noticia\/imagens\/novela-imperio-resumo-elenco-400x225.jpeg 400w, https:\/\/migracao.redenoticia.com.br\/noticia\/imagens\/novela-imperio-resumo-elenco-768x432.jpeg 768w, https:\/\/migracao.redenoticia.com.br\/noticia\/imagens\/novela-imperio-resumo-elenco-150x85.jpeg 150w\" sizes=\"auto, (max-width: 1280px) 100vw, 1280px\" \/><\/p>\n<p><em><strong>Resumo novela \u201cImp\u00e9rio\u201d<\/strong><\/em> em 01\/10: no cap\u00edtulo 149(*) da novela, Jos\u00e9 Alfredo questiona Maria Marta. Maria Marta agradece Josu\u00e9. T\u00e9o Pereira conta a Maur\u00edlio que Silviano \u00e9 ex-marido de Maria Marta. Reginaldo deita na cama de Cora e a assusta. Cora enfrenta Reginaldo. Xana diz a Nan\u00e1 que ouviu um barulho estranho na vizinhan\u00e7a. Orville, Nan\u00e1 e Xana v\u00e3o \u00e0 casa de Cora. Orville chama Carmem a mando de Cora. Maur\u00edlio vai ao apartamento de T\u00e9o Pereira. Maria Marta v\u00ea, de longe, Jos\u00e9 Alfredo sendo transferido da delegacia.<\/p>\n<p>Maur\u00edlio e T\u00e9o conversam. Maur\u00edlio chantageia Maria Marta. Xana liga para Elivaldo e conta o que aconteceu na casa da fam\u00edlia dele. Cristina e Antoninho conversam. Maria Clara e Amanda falam sobre L\u00e9o. Jos\u00e9 Pedro, Jo\u00e3o Lucas e Maria Clara falam sobre o pai. Elivaldo encontra Cristina na joalheria Imp\u00e9rio. Cora conversa com um policial. Cristina e Elivaldo consolam Cora. Jos\u00e9 Alfredo recebe um bilhete misterioso.<\/p>\n<p>(*) edi\u00e7\u00e3o das novelas da Globo, \u201cImp\u00e9rio\u201d, sujeito a altera\u00e7\u00e3o de data e conte\u00fado.<\/p>\n<p>Sinopse Novela &#8220;Imp\u00e9rio&#8221;: hist\u00f3ria do pernambucano Jos\u00e9 Alfredo de Medeiros (Chay Suede\/Alexandre Nero), o homem de preto. Dono de uma rede de joalherias, o Comendador tem tr\u00eas filhos com a aristocrata falida Maria Marta Mendon\u00e7a e Albuquerque (Adriana Birolli\/Lilia Cabral): Jos\u00e9 Pedro (Caio Blat), Maria Clara (Andreia Horta) e Jo\u00e3o Lucas (Daniel Rocha). Os tr\u00eas disputam a heran\u00e7a da empresa constru\u00edda pelo pai. <\/p>\n","protected":false},"excerpt":{"rendered":"<p>Resumo novela \u201cImp\u00e9rio\u201d em 01\/10: no cap\u00edtulo 149(*) da novela, Jos\u00e9 Alfredo questiona Maria Marta. Maria Marta agradece Josu\u00e9. T\u00e9o Pereira conta a Maur\u00edlio que Silviano \u00e9 ex-marido de Maria Marta. Reginaldo deita na cama de Cora e a assusta. Cora enfrenta Reginaldo. Xana diz a Nan\u00e1 que ouviu um barulho estranho na vizinhan\u00e7a. Orville, [&hellip;]<\/p>\n","protected":false},"author":2,"featured_media":205061,"comment_status":"closed","ping_status":"closed","sticky":false,"template":"","format":"standard","meta":{"tdm_status":"","tdm_grid_status":"","footnotes":""},"categories":[2196,379,375,2025,343],"tags":[441],"class_list":{"0":"post-210987","1":"post","2":"type-post","3":"status-publish","4":"format-standard","5":"has-post-thumbnail","7":"category-imperio","8":"category-novelas","9":"category-rede-globo","10":"category-resumo","11":"category-televisao","12":"tag-resumo-do-dia"},"_links":{"self":[{"href":"https:\/\/migracao.redenoticia.com.br\/noticia\/wp-json\/wp\/v2\/posts\/210987","targetHints":{"allow":["GET"]}}],"collection":[{"href":"https:\/\/migracao.redenoticia.com.br\/noticia\/wp-json\/wp\/v2\/posts"}],"about":[{"href":"https:\/\/migracao.redenoticia.com.br\/noticia\/wp-json\/wp\/v2\/types\/post"}],"author":[{"embeddable":true,"href":"https:\/\/migracao.redenoticia.com.br\/noticia\/wp-json\/wp\/v2\/users\/2"}],"replies":[{"embeddable":true,"href":"https:\/\/migracao.redenoticia.com.br\/noticia\/wp-json\/wp\/v2\/comments?post=210987"}],"version-history":[{"count":0,"href":"https:\/\/migracao.redenoticia.com.br\/noticia\/wp-json\/wp\/v2\/posts\/210987\/revisions"}],"wp:featuredmedia":[{"embeddable":true,"href":"https:\/\/migracao.redenoticia.com.br\/noticia\/wp-json\/wp\/v2\/media\/205061"}],"wp:attachment":[{"href":"https:\/\/migracao.redenoticia.com.br\/noticia\/wp-json\/wp\/v2\/media?parent=210987"}],"wp:term":[{"taxonomy":"category","embeddable":true,"href":"https:\/\/migracao.redenoticia.com.br\/noticia\/wp-json\/wp\/v2\/categories?post=210987"},{"taxonomy":"post_tag","embeddable":true,"href":"https:\/\/migracao.redenoticia.com.br\/noticia\/wp-json\/wp\/v2\/tags?post=210987"}],"curies":[{"name":"wp","href":"https:\/\/api.w.org\/{rel}","templated":true}]}}