{"id":210991,"date":"2021-09-30T16:10:38","date_gmt":"2021-09-30T19:10:38","guid":{"rendered":"https:\/\/www.redenoticia.com.br\/noticia\/?p=210991"},"modified":"2021-09-30T16:10:38","modified_gmt":"2021-09-30T19:10:38","slug":"resumo-te-dou-a-vida-01-10-ernesto-destroi-os-carrinhos-que-pedro-deu-a-nicolas","status":"publish","type":"post","link":"https:\/\/migracao.redenoticia.com.br\/noticia\/2021\/resumo-te-dou-a-vida-01-10-ernesto-destroi-os-carrinhos-que-pedro-deu-a-nicolas\/210991","title":{"rendered":"Resumo &#8220;Te dou a vida&#8221; 01\/10: Ernesto destr\u00f3i os carrinhos que Pedro deu a N\u00edcolas"},"content":{"rendered":"<p> <img loading=\"lazy\" decoding=\"async\" class=\"aligncenter size-full wp-image-210432\" src=\"https:\/\/migracao.redenoticia.com.br\/noticia\/imagens\/te-dou-a-vida-elenco-personagem-novela-resumo.jpeg\" alt=\"\" width=\"1280\" height=\"720\" srcset=\"https:\/\/migracao.redenoticia.com.br\/noticia\/imagens\/te-dou-a-vida-elenco-personagem-novela-resumo.jpeg 1280w, https:\/\/migracao.redenoticia.com.br\/noticia\/imagens\/te-dou-a-vida-elenco-personagem-novela-resumo-250x140.jpeg 250w, https:\/\/migracao.redenoticia.com.br\/noticia\/imagens\/te-dou-a-vida-elenco-personagem-novela-resumo-400x225.jpeg 400w, https:\/\/migracao.redenoticia.com.br\/noticia\/imagens\/te-dou-a-vida-elenco-personagem-novela-resumo-768x432.jpeg 768w, https:\/\/migracao.redenoticia.com.br\/noticia\/imagens\/te-dou-a-vida-elenco-personagem-novela-resumo-150x85.jpeg 150w\" sizes=\"auto, (max-width: 1280px) 100vw, 1280px\" \/><\/p>\n<p><strong><em>Resumo da novela &#8220;Te dou a vida&#8221;<\/em><\/strong> em 01\/10: no cap\u00edtulo 010(*) da novela, Ernesto visita a m\u00e3e e volta a discutir com Elena sobre Pedro, enquanto Irene visita Nico e percebe o quanto o menino ama seu pai biol\u00f3gico.<\/p>\n<p>Por outro lado, Andrea convida Hor\u00e1cio para o encontro \u00e0s cegas que prepara para M\u00f3nico com o amigo de Pili; Nelson d\u00e1 a seus funcion\u00e1rios um b\u00f4nus como parte da penit\u00eancia por pensarem em Esther, a esposa de seu amigo.<\/p>\n<p>Gina e Pedro v\u00e3o ver o pai na igreja, porque ela quer reservar o local para poderem realizar o casamento, enquanto Ernesto diz a Elena que quando Nicol\u00e1s sai do hospital quer encontrar o momento certo para lhe dizer que \u00e9 adotado.<\/p>\n<p>Gabriela pergunta a Samuel como continua a ferida de escorpi\u00e3o e no meio da conversa o jovem percebeu que Rosa se escondeu dele que sua amiga veio visit\u00e1-lo no fim de semana em sua casa, ent\u00e3o ele fica chateado e decide convid\u00e1-la para o namorado porque ele omitiu esta informa\u00e7\u00e3o.<\/p>\n<p>Passa-se um m\u00eas e o pequeno Nicol\u00e1s tem alta porque mostra grande melhora com o transplante de medula \u00f3ssea.<\/p>\n<p>Em detalhes, Ernesto diz a Helena que n\u00e3o concorda em contar a verdade a N\u00edcolas e muito menos revelar que Pedro \u00e9 seu pai biol\u00f3gico. Gabriela vai visitar Samuel, mas Rosa n\u00e3o permite que o veja. Ernesto visita a m\u00e3e e come\u00e7a a ter lembran\u00e7as dolorosas. Hor\u00e1cio acredita que o melhor \u00e9 que N\u00edcolas saiba a verdade. Pedro e Gina decidem se casar em dois meses.<\/p>\n<p>Ernesto diz a Helena que depois que N\u00edcolas deixar o hospital, encontrar\u00e3o o melhor momento para contar a verdade e pede a Helena que n\u00e3o continuem distanciados. Ernesto destr\u00f3i os carrinhos que Pedro deu a N\u00edcolas. Nelson fica feliz ao saber que Pedro e Gina decidiram se casar. N\u00edcolas recebe alta e Pedro fica feliz com a not\u00edcia.<\/p>\n<p>(*) edi\u00e7\u00e3o das novelas do SBT, &#8220;Te dou a vida&#8221;, sujeito a altera\u00e7\u00e3o de data e conte\u00fado.<\/p>\n<p>Sinopse &#8220;Te dou a vida&#8221;: Nicol\u00e1s (Leonardo Herrera) \u00e9 um garoto de apenas seis anos de idade que padece de leucemia, e necessita de um transplante de medula. Elena (Eva Cede\u00f1o) e Ernesto (Jorge Salinas) s\u00e3o um casal e pais adotivos do menino. Diante da situa\u00e7\u00e3o, o casal decide ir atr\u00e1s do pai biol\u00f3gico da crian\u00e7a, Pedro (Jos\u00e9 Ron). Ele ficar\u00e1 comovido ao conhecer o filho e se aproximar\u00e1 dele e da m\u00e3e adotiva de uma forma muito especial.<\/p>\n","protected":false},"excerpt":{"rendered":"<p>Resumo da novela &#8220;Te dou a vida&#8221; em 01\/10: no cap\u00edtulo 010(*) da novela, Ernesto visita a m\u00e3e e volta a discutir com Elena sobre Pedro, enquanto Irene visita Nico e percebe o quanto o menino ama seu pai biol\u00f3gico. Por outro lado, Andrea convida Hor\u00e1cio para o encontro \u00e0s cegas que prepara para M\u00f3nico [&hellip;]<\/p>\n","protected":false},"author":2,"featured_media":210433,"comment_status":"closed","ping_status":"closed","sticky":false,"template":"","format":"standard","meta":{"tdm_status":"","tdm_grid_status":"","footnotes":""},"categories":[379,2025,372,2220,343],"tags":[441],"class_list":{"0":"post-210991","1":"post","2":"type-post","3":"status-publish","4":"format-standard","5":"has-post-thumbnail","7":"category-novelas","8":"category-resumo","9":"category-sbt","10":"category-te-dou-a-vida","11":"category-televisao","12":"tag-resumo-do-dia"},"_links":{"self":[{"href":"https:\/\/migracao.redenoticia.com.br\/noticia\/wp-json\/wp\/v2\/posts\/210991","targetHints":{"allow":["GET"]}}],"collection":[{"href":"https:\/\/migracao.redenoticia.com.br\/noticia\/wp-json\/wp\/v2\/posts"}],"about":[{"href":"https:\/\/migracao.redenoticia.com.br\/noticia\/wp-json\/wp\/v2\/types\/post"}],"author":[{"embeddable":true,"href":"https:\/\/migracao.redenoticia.com.br\/noticia\/wp-json\/wp\/v2\/users\/2"}],"replies":[{"embeddable":true,"href":"https:\/\/migracao.redenoticia.com.br\/noticia\/wp-json\/wp\/v2\/comments?post=210991"}],"version-history":[{"count":0,"href":"https:\/\/migracao.redenoticia.com.br\/noticia\/wp-json\/wp\/v2\/posts\/210991\/revisions"}],"wp:featuredmedia":[{"embeddable":true,"href":"https:\/\/migracao.redenoticia.com.br\/noticia\/wp-json\/wp\/v2\/media\/210433"}],"wp:attachment":[{"href":"https:\/\/migracao.redenoticia.com.br\/noticia\/wp-json\/wp\/v2\/media?parent=210991"}],"wp:term":[{"taxonomy":"category","embeddable":true,"href":"https:\/\/migracao.redenoticia.com.br\/noticia\/wp-json\/wp\/v2\/categories?post=210991"},{"taxonomy":"post_tag","embeddable":true,"href":"https:\/\/migracao.redenoticia.com.br\/noticia\/wp-json\/wp\/v2\/tags?post=210991"}],"curies":[{"name":"wp","href":"https:\/\/api.w.org\/{rel}","templated":true}]}}