{"id":211029,"date":"2021-10-01T13:20:25","date_gmt":"2021-10-01T16:20:25","guid":{"rendered":"https:\/\/www.redenoticia.com.br\/noticia\/?p=211029"},"modified":"2021-10-01T13:20:25","modified_gmt":"2021-10-01T16:20:25","slug":"resumo-imperio-02-10-cristina-e-maurilio-discutem","status":"publish","type":"post","link":"https:\/\/migracao.redenoticia.com.br\/noticia\/2021\/resumo-imperio-02-10-cristina-e-maurilio-discutem\/211029","title":{"rendered":"Resumo \u201cImp\u00e9rio\u201d 02\/10: Cristina e Maur\u00edlio discutem"},"content":{"rendered":"<p><img loading=\"lazy\" decoding=\"async\" class=\"aligncenter size-full wp-image-205063\" src=\"https:\/\/migracao.redenoticia.com.br\/noticia\/imagens\/novela-imperio-resumo-elenco.jpeg\" alt=\"\" width=\"1280\" height=\"720\" srcset=\"https:\/\/migracao.redenoticia.com.br\/noticia\/imagens\/novela-imperio-resumo-elenco.jpeg 1280w, https:\/\/migracao.redenoticia.com.br\/noticia\/imagens\/novela-imperio-resumo-elenco-250x140.jpeg 250w, https:\/\/migracao.redenoticia.com.br\/noticia\/imagens\/novela-imperio-resumo-elenco-400x225.jpeg 400w, https:\/\/migracao.redenoticia.com.br\/noticia\/imagens\/novela-imperio-resumo-elenco-768x432.jpeg 768w, https:\/\/migracao.redenoticia.com.br\/noticia\/imagens\/novela-imperio-resumo-elenco-150x85.jpeg 150w\" sizes=\"auto, (max-width: 1280px) 100vw, 1280px\" \/><\/p>\n<p><em><strong>Resumo novela \u201cImp\u00e9rio\u201d<\/strong><\/em> em 02\/10: no cap\u00edtulo 150(*) da novela, Cora re\u00fane a fam\u00edlia. Otoniel desabafa com Orville e Manoel. Cora reza antes de dormir. Silviano e Maria Marta conversam e Maria Clara escuta atr\u00e1s da porta. Jos\u00e9 Pedro e Maria Clara falam sobre Silviano. Maria Clara recebe uma liga\u00e7\u00e3o e desliga. Felipe liga para Cl\u00e1udio.<\/p>\n<p>Beatriz marca um encontro com Enrico. T\u00e9o Pereira esnoba Magn\u00f3lia. Leonardo e Etevaldo jantam juntos. Enrico vai ao Vicente\u2019s e cria confus\u00e3o. Maria Marta entrega uma encomenda a Josu\u00e9. Orville pede ajuda \u00e0 Helena. Cristina e Maur\u00edlio discutem. Jos\u00e9 Alfredo faz uma liga\u00e7\u00e3o.<\/p>\n<p>(*) edi\u00e7\u00e3o das novelas da Globo, \u201cImp\u00e9rio\u201d, sujeito a altera\u00e7\u00e3o de data e conte\u00fado.<\/p>\n<p>Sinopse Novela &#8220;Imp\u00e9rio&#8221;: hist\u00f3ria do pernambucano Jos\u00e9 Alfredo de Medeiros (Chay Suede\/Alexandre Nero), o homem de preto. Dono de uma rede de joalherias, o Comendador tem tr\u00eas filhos com a aristocrata falida Maria Marta Mendon\u00e7a e Albuquerque (Adriana Birolli\/Lilia Cabral): Jos\u00e9 Pedro (Caio Blat), Maria Clara (Andreia Horta) e Jo\u00e3o Lucas (Daniel Rocha). Os tr\u00eas disputam a heran\u00e7a da empresa constru\u00edda pelo pai.<\/p>\n","protected":false},"excerpt":{"rendered":"<p>Resumo novela \u201cImp\u00e9rio\u201d em 02\/10: no cap\u00edtulo 150(*) da novela, Cora re\u00fane a fam\u00edlia. Otoniel desabafa com Orville e Manoel. Cora reza antes de dormir. Silviano e Maria Marta conversam e Maria Clara escuta atr\u00e1s da porta. Jos\u00e9 Pedro e Maria Clara falam sobre Silviano. Maria Clara recebe uma liga\u00e7\u00e3o e desliga. Felipe liga para [&hellip;]<\/p>\n","protected":false},"author":4,"featured_media":205061,"comment_status":"closed","ping_status":"closed","sticky":false,"template":"","format":"standard","meta":{"tdm_status":"","tdm_grid_status":"","footnotes":""},"categories":[2196,379,375,2025,343],"tags":[441],"class_list":{"0":"post-211029","1":"post","2":"type-post","3":"status-publish","4":"format-standard","5":"has-post-thumbnail","7":"category-imperio","8":"category-novelas","9":"category-rede-globo","10":"category-resumo","11":"category-televisao","12":"tag-resumo-do-dia"},"_links":{"self":[{"href":"https:\/\/migracao.redenoticia.com.br\/noticia\/wp-json\/wp\/v2\/posts\/211029","targetHints":{"allow":["GET"]}}],"collection":[{"href":"https:\/\/migracao.redenoticia.com.br\/noticia\/wp-json\/wp\/v2\/posts"}],"about":[{"href":"https:\/\/migracao.redenoticia.com.br\/noticia\/wp-json\/wp\/v2\/types\/post"}],"author":[{"embeddable":true,"href":"https:\/\/migracao.redenoticia.com.br\/noticia\/wp-json\/wp\/v2\/users\/4"}],"replies":[{"embeddable":true,"href":"https:\/\/migracao.redenoticia.com.br\/noticia\/wp-json\/wp\/v2\/comments?post=211029"}],"version-history":[{"count":0,"href":"https:\/\/migracao.redenoticia.com.br\/noticia\/wp-json\/wp\/v2\/posts\/211029\/revisions"}],"wp:featuredmedia":[{"embeddable":true,"href":"https:\/\/migracao.redenoticia.com.br\/noticia\/wp-json\/wp\/v2\/media\/205061"}],"wp:attachment":[{"href":"https:\/\/migracao.redenoticia.com.br\/noticia\/wp-json\/wp\/v2\/media?parent=211029"}],"wp:term":[{"taxonomy":"category","embeddable":true,"href":"https:\/\/migracao.redenoticia.com.br\/noticia\/wp-json\/wp\/v2\/categories?post=211029"},{"taxonomy":"post_tag","embeddable":true,"href":"https:\/\/migracao.redenoticia.com.br\/noticia\/wp-json\/wp\/v2\/tags?post=211029"}],"curies":[{"name":"wp","href":"https:\/\/api.w.org\/{rel}","templated":true}]}}