{"id":211051,"date":"2021-10-02T18:52:18","date_gmt":"2021-10-02T21:52:18","guid":{"rendered":"https:\/\/www.redenoticia.com.br\/noticia\/?p=211051"},"modified":"2021-10-02T18:52:18","modified_gmt":"2021-10-02T21:52:18","slug":"resumo-carinha-de-anjo-04-10-dulce-maria-sofre-com-a-ausencia-do-pai","status":"publish","type":"post","link":"https:\/\/migracao.redenoticia.com.br\/noticia\/2021\/resumo-carinha-de-anjo-04-10-dulce-maria-sofre-com-a-ausencia-do-pai\/211051","title":{"rendered":"Resumo \u201cCarinha De Anjo\u201d 04\/10: Dulce Maria sofre com a aus\u00eancia do pai"},"content":{"rendered":"<p><img loading=\"lazy\" decoding=\"async\" class=\"aligncenter size-full wp-image-210452\" src=\"https:\/\/migracao.redenoticia.com.br\/noticia\/imagens\/carinha-de-anjo-novela-sbt-elenco-infantil.jpeg\" alt=\"\" width=\"1280\" height=\"720\" srcset=\"https:\/\/migracao.redenoticia.com.br\/noticia\/imagens\/carinha-de-anjo-novela-sbt-elenco-infantil.jpeg 1280w, https:\/\/migracao.redenoticia.com.br\/noticia\/imagens\/carinha-de-anjo-novela-sbt-elenco-infantil-250x140.jpeg 250w, https:\/\/migracao.redenoticia.com.br\/noticia\/imagens\/carinha-de-anjo-novela-sbt-elenco-infantil-400x225.jpeg 400w, https:\/\/migracao.redenoticia.com.br\/noticia\/imagens\/carinha-de-anjo-novela-sbt-elenco-infantil-768x432.jpeg 768w, https:\/\/migracao.redenoticia.com.br\/noticia\/imagens\/carinha-de-anjo-novela-sbt-elenco-infantil-150x85.jpeg 150w\" sizes=\"auto, (max-width: 1280px) 100vw, 1280px\" \/><\/p>\n<p><strong><em>Resumo da novela \u201cCarinha De Anjo\u201d<\/em><\/strong> em 04\/10: no cap\u00edtulo 001(*) da novela, Estef\u00e2nia vai at\u00e9 o internato para dar uma not\u00edcia muito importante: Gustavo, o pai de Dulce Maria, est\u00e1 voltando para Doce Horizonte ap\u00f3s passar dois anos na Espanha. Irm\u00e3 Cec\u00edlia e a Madre Superiora ficam muito felizes, pois Dulce Maria tem sofrido devido \u00e0 aus\u00eancia do pai (que foi para a Europa ap\u00f3s a morte da mulher, Tereza).<\/p>\n<p>Ainda sem saber da novidade, Dulce Maria continua sendo alvo das provoca\u00e7\u00f5es de Frida e B\u00e1rbara, as duas garotas que adoram lembrar que ela n\u00e3o tem m\u00e3e e um pai que mora longe. Em Madri, na Espanha, Gustavo faz os \u00faltimos preparativos para voltar ao Brasil. Ao fazer as malas, encontra uma foto de Tereza e relembra os \u00faltimos momentos com a ex-mulher, quando ela foi saltar de asa-delta. Emocionado, promete que agora est\u00e1 curado da dor de perder o amor da vida dele num tr\u00e1gico acidente e vai cuidar de Dulce Maria para sempre.<\/p>\n<p>Para escapar das brincadeiras maldosas de B\u00e1rbara e Frida, Dulce Maria busca ref\u00fagio com Zeca, que tamb\u00e9m perdeu a m\u00e3e. No apartamento de Gustavo, os funcion\u00e1rios, Silvestre e Franciely se estranham enquanto deixam tudo pronto para a chegada do patr\u00e3o. Rosana, a s\u00edndica do pr\u00e9dio onde Gustavo mora em Doce Horizonte, tamb\u00e9m descobre que o \u201cvi\u00favo bonit\u00e3o\u201d deve desembarcar em breve. Ela n\u00e3o perde tempo e corre para contar a fofoca para a filha, Juju, famosa vlogueira da cidade, e para o filho adotivo, Em\u00edlio. Em Madri, Gustavo toma um caf\u00e9 com sua nova namorada, Nicole, que vem para o Brasil com ele. Ela demonstra preocupa\u00e7\u00e3o em ser aceita pela fam\u00edlia dele, j\u00e1 que namoram faz apenas tr\u00eas meses. Gustavo a tranquiliza e promete que todos v\u00e3o aceitar bem o novo relacionamento dele. Estef\u00e2nia conta para Dulce Maria que Gustavo est\u00e1 voltando. A menina fica exultante e ansiosa.<\/p>\n<p>\u00c0 noite, sonha com a m\u00e3e Tereza e conta a novidade. Estef\u00e2nia e padre Gabriel v\u00e3o at\u00e9 o aeroporto receber Gustavo e se surpreendem quando veem que ele n\u00e3o veio sozinho, mas sim com Nicole, que fica brava porque ningu\u00e9m sabia da exist\u00eancia dela. Haydee, sua m\u00e3e, chega de forma espalhafatosa e causa ainda mais constrangimento. No dia seguinte, In\u00e1cio conta que pensou em chamar a irm\u00e3 Fabiana para dar aulas de canto para Zeca. Gustavo e Estef\u00e2nia v\u00e3o at\u00e9 o internato para encontrar Dulce Maria. Irm\u00e3 Cec\u00edlia se encanta quando v\u00ea Gustavo pela primeira vez. No dormit\u00f3rio, B\u00e1rbara e Frida jogam tinta no vestido que Dulce Maria escolheu para ver o pai. Irm\u00e3 Cec\u00edlia ajuda a menina a se arrumar e finalmente ela reencontra o pai ap\u00f3s dois anos.<\/p>\n<p>(*) edi\u00e7\u00e3o das novelas do SBT, \u201cCarinha De Anjo\u201d, sujeito a altera\u00e7\u00e3o de data e conte\u00fado.<\/p>\n<p>Sinopse \u201cCarinha De Anjo\u201d: Dulce Maria \u00e9 uma menina doce, ingenua, inteligente e alegre de 5 anos de idade. \u00c9 brincalhona, aventureira e extremamente curiosa. Diverte a todos com seus coment\u00e1rios e perguntas indiscretas e surpreende com suas descobertas.<\/p>\n<p>Ela \u00e9 filha \u00fanica de Gustavo L\u00e1rios (Carlo Porto), bem-sucedido empres\u00e1rio da cafeicultura brasileira, e da mexicana Teresa Rezende L\u00e1rios (Lucero), m\u00e3e acolhedora de s\u00e1bios conselhos e voz ador\u00e1vel, que faleceu num acidente quando Dulce Maria tinha apenas 3 anos de idade. Traumatizado com a trag\u00e9dia, Gustavo deixou a filha no col\u00e9gio interno.<\/p>\n","protected":false},"excerpt":{"rendered":"<p>Resumo da novela \u201cCarinha De Anjo\u201d em 04\/10: no cap\u00edtulo 001(*) da novela, Estef\u00e2nia vai at\u00e9 o internato para dar uma not\u00edcia muito importante: Gustavo, o pai de Dulce Maria, est\u00e1 voltando para Doce Horizonte ap\u00f3s passar dois anos na Espanha. Irm\u00e3 Cec\u00edlia e a Madre Superiora ficam muito felizes, pois Dulce Maria tem sofrido [&hellip;]<\/p>\n","protected":false},"author":2,"featured_media":210453,"comment_status":"closed","ping_status":"closed","sticky":false,"template":"","format":"standard","meta":{"tdm_status":"","tdm_grid_status":"","footnotes":""},"categories":[452,379,2025,372,343],"tags":[441],"class_list":{"0":"post-211051","1":"post","2":"type-post","3":"status-publish","4":"format-standard","5":"has-post-thumbnail","7":"category-carinha-de-anjo","8":"category-novelas","9":"category-resumo","10":"category-sbt","11":"category-televisao","12":"tag-resumo-do-dia"},"_links":{"self":[{"href":"https:\/\/migracao.redenoticia.com.br\/noticia\/wp-json\/wp\/v2\/posts\/211051","targetHints":{"allow":["GET"]}}],"collection":[{"href":"https:\/\/migracao.redenoticia.com.br\/noticia\/wp-json\/wp\/v2\/posts"}],"about":[{"href":"https:\/\/migracao.redenoticia.com.br\/noticia\/wp-json\/wp\/v2\/types\/post"}],"author":[{"embeddable":true,"href":"https:\/\/migracao.redenoticia.com.br\/noticia\/wp-json\/wp\/v2\/users\/2"}],"replies":[{"embeddable":true,"href":"https:\/\/migracao.redenoticia.com.br\/noticia\/wp-json\/wp\/v2\/comments?post=211051"}],"version-history":[{"count":0,"href":"https:\/\/migracao.redenoticia.com.br\/noticia\/wp-json\/wp\/v2\/posts\/211051\/revisions"}],"wp:featuredmedia":[{"embeddable":true,"href":"https:\/\/migracao.redenoticia.com.br\/noticia\/wp-json\/wp\/v2\/media\/210453"}],"wp:attachment":[{"href":"https:\/\/migracao.redenoticia.com.br\/noticia\/wp-json\/wp\/v2\/media?parent=211051"}],"wp:term":[{"taxonomy":"category","embeddable":true,"href":"https:\/\/migracao.redenoticia.com.br\/noticia\/wp-json\/wp\/v2\/categories?post=211051"},{"taxonomy":"post_tag","embeddable":true,"href":"https:\/\/migracao.redenoticia.com.br\/noticia\/wp-json\/wp\/v2\/tags?post=211051"}],"curies":[{"name":"wp","href":"https:\/\/api.w.org\/{rel}","templated":true}]}}