{"id":211094,"date":"2021-10-04T18:40:17","date_gmt":"2021-10-04T21:40:17","guid":{"rendered":"https:\/\/www.redenoticia.com.br\/noticia\/?p=211094"},"modified":"2021-10-04T18:40:17","modified_gmt":"2021-10-04T21:40:17","slug":"resumo-imperio-05-10-claudio-e-ferido-por-felipe-no-lugar-de-enrico","status":"publish","type":"post","link":"https:\/\/migracao.redenoticia.com.br\/noticia\/2021\/resumo-imperio-05-10-claudio-e-ferido-por-felipe-no-lugar-de-enrico\/211094","title":{"rendered":"Resumo \u201cImp\u00e9rio\u201d 05\/10: Cl\u00e1udio \u00e9 ferido por Felipe no lugar de Enrico"},"content":{"rendered":"<p> <img loading=\"lazy\" decoding=\"async\" class=\"aligncenter size-full wp-image-205063\" src=\"https:\/\/migracao.redenoticia.com.br\/noticia\/imagens\/novela-imperio-resumo-elenco.jpeg\" alt=\"\" width=\"1280\" height=\"720\" srcset=\"https:\/\/migracao.redenoticia.com.br\/noticia\/imagens\/novela-imperio-resumo-elenco.jpeg 1280w, https:\/\/migracao.redenoticia.com.br\/noticia\/imagens\/novela-imperio-resumo-elenco-250x140.jpeg 250w, https:\/\/migracao.redenoticia.com.br\/noticia\/imagens\/novela-imperio-resumo-elenco-400x225.jpeg 400w, https:\/\/migracao.redenoticia.com.br\/noticia\/imagens\/novela-imperio-resumo-elenco-768x432.jpeg 768w, https:\/\/migracao.redenoticia.com.br\/noticia\/imagens\/novela-imperio-resumo-elenco-150x85.jpeg 150w\" sizes=\"auto, (max-width: 1280px) 100vw, 1280px\" \/><\/p>\n<p><em><strong>Resumo novela \u201cImp\u00e9rio\u201d<\/strong><\/em> em 05\/10: no cap\u00edtulo 151(*) da novela, Maria Marta chora ao ver Maria \u00cdsis com Jos\u00e9 Alfredo. Noely se apresenta para Magn\u00f3lia como uma f\u00e3 e consegue um emprego com ela. Carmem desconfia de Orville. Jos\u00e9 Alfredo acredita que Merival possa ser um de seus inimigos. Maur\u00edlio instala uma c\u00e2mera na sala de Jos\u00e9 Alfredo.<\/p>\n<p>Silviano recusa a sentar-se \u00e0 mesa com a fam\u00edlia de Maria Marta e todos estranham. Leonardo ouve Felipe amea\u00e7ar Enrico e avisa a Cl\u00e1udio. Jos\u00e9 Alfredo leva Maria \u00cdsis para seu quarto na mans\u00e3o. \u00c9rika e Robert\u00e3o se assustam com Noely. Cora questiona Cristina sobre a festa em homenagem ao Comendador. Cl\u00e1udio \u00e9 ferido por Felipe no lugar de Enrico. Jos\u00e9 Alfredo conversa com Merival.<\/p>\n<p>(*) edi\u00e7\u00e3o das novelas da Globo, \u201cImp\u00e9rio\u201d, sujeito a altera\u00e7\u00e3o de data e conte\u00fado.<\/p>\n<p>Sinopse Novela &#8220;Imp\u00e9rio&#8221;: hist\u00f3ria do pernambucano Jos\u00e9 Alfredo de Medeiros (Chay Suede\/Alexandre Nero), o homem de preto. Dono de uma rede de joalherias, o Comendador tem tr\u00eas filhos com a aristocrata falida Maria Marta Mendon\u00e7a e Albuquerque (Adriana Birolli\/Lilia Cabral): Jos\u00e9 Pedro (Caio Blat), Maria Clara (Andreia Horta) e Jo\u00e3o Lucas (Daniel Rocha). Os tr\u00eas disputam a heran\u00e7a da empresa constru\u00edda pelo pai. <\/p>\n","protected":false},"excerpt":{"rendered":"<p>Resumo novela \u201cImp\u00e9rio\u201d em 05\/10: no cap\u00edtulo 151(*) da novela, Maria Marta chora ao ver Maria \u00cdsis com Jos\u00e9 Alfredo. Noely se apresenta para Magn\u00f3lia como uma f\u00e3 e consegue um emprego com ela. Carmem desconfia de Orville. Jos\u00e9 Alfredo acredita que Merival possa ser um de seus inimigos. Maur\u00edlio instala uma c\u00e2mera na sala [&hellip;]<\/p>\n","protected":false},"author":2,"featured_media":205061,"comment_status":"closed","ping_status":"closed","sticky":false,"template":"","format":"standard","meta":{"tdm_status":"","tdm_grid_status":"","footnotes":""},"categories":[2196,379,375,2025,343],"tags":[441],"class_list":{"0":"post-211094","1":"post","2":"type-post","3":"status-publish","4":"format-standard","5":"has-post-thumbnail","7":"category-imperio","8":"category-novelas","9":"category-rede-globo","10":"category-resumo","11":"category-televisao","12":"tag-resumo-do-dia"},"_links":{"self":[{"href":"https:\/\/migracao.redenoticia.com.br\/noticia\/wp-json\/wp\/v2\/posts\/211094","targetHints":{"allow":["GET"]}}],"collection":[{"href":"https:\/\/migracao.redenoticia.com.br\/noticia\/wp-json\/wp\/v2\/posts"}],"about":[{"href":"https:\/\/migracao.redenoticia.com.br\/noticia\/wp-json\/wp\/v2\/types\/post"}],"author":[{"embeddable":true,"href":"https:\/\/migracao.redenoticia.com.br\/noticia\/wp-json\/wp\/v2\/users\/2"}],"replies":[{"embeddable":true,"href":"https:\/\/migracao.redenoticia.com.br\/noticia\/wp-json\/wp\/v2\/comments?post=211094"}],"version-history":[{"count":0,"href":"https:\/\/migracao.redenoticia.com.br\/noticia\/wp-json\/wp\/v2\/posts\/211094\/revisions"}],"wp:featuredmedia":[{"embeddable":true,"href":"https:\/\/migracao.redenoticia.com.br\/noticia\/wp-json\/wp\/v2\/media\/205061"}],"wp:attachment":[{"href":"https:\/\/migracao.redenoticia.com.br\/noticia\/wp-json\/wp\/v2\/media?parent=211094"}],"wp:term":[{"taxonomy":"category","embeddable":true,"href":"https:\/\/migracao.redenoticia.com.br\/noticia\/wp-json\/wp\/v2\/categories?post=211094"},{"taxonomy":"post_tag","embeddable":true,"href":"https:\/\/migracao.redenoticia.com.br\/noticia\/wp-json\/wp\/v2\/tags?post=211094"}],"curies":[{"name":"wp","href":"https:\/\/api.w.org\/{rel}","templated":true}]}}