{"id":211127,"date":"2021-10-05T12:24:10","date_gmt":"2021-10-05T15:24:10","guid":{"rendered":"https:\/\/www.redenoticia.com.br\/noticia\/?p=211127"},"modified":"2021-10-05T12:24:10","modified_gmt":"2021-10-05T15:24:10","slug":"resumo-te-dou-a-vida-06-10-horacio-pede-o-divorcio-para-andrea","status":"publish","type":"post","link":"https:\/\/migracao.redenoticia.com.br\/noticia\/2021\/resumo-te-dou-a-vida-06-10-horacio-pede-o-divorcio-para-andrea\/211127","title":{"rendered":"Resumo &#8220;Te dou a vida&#8221; 06\/10: Hor\u00e1cio pede o div\u00f3rcio para Andrea"},"content":{"rendered":"<p><img loading=\"lazy\" decoding=\"async\" class=\"aligncenter size-full wp-image-210432\" src=\"https:\/\/migracao.redenoticia.com.br\/noticia\/imagens\/te-dou-a-vida-elenco-personagem-novela-resumo.jpeg\" alt=\"\" width=\"1280\" height=\"720\" srcset=\"https:\/\/migracao.redenoticia.com.br\/noticia\/imagens\/te-dou-a-vida-elenco-personagem-novela-resumo.jpeg 1280w, https:\/\/migracao.redenoticia.com.br\/noticia\/imagens\/te-dou-a-vida-elenco-personagem-novela-resumo-250x140.jpeg 250w, https:\/\/migracao.redenoticia.com.br\/noticia\/imagens\/te-dou-a-vida-elenco-personagem-novela-resumo-400x225.jpeg 400w, https:\/\/migracao.redenoticia.com.br\/noticia\/imagens\/te-dou-a-vida-elenco-personagem-novela-resumo-768x432.jpeg 768w, https:\/\/migracao.redenoticia.com.br\/noticia\/imagens\/te-dou-a-vida-elenco-personagem-novela-resumo-150x85.jpeg 150w\" sizes=\"auto, (max-width: 1280px) 100vw, 1280px\" \/><\/p>\n<p><strong><em>Resumo da novela &#8220;Te dou a vida&#8221;<\/em><\/strong> em 06\/10: no cap\u00edtulo 013(*) da novela, Andrea fica chateada com o marido porque ele n\u00e3o disse que ia fazer um curso com Alfredo, por isso Hor\u00e1cio explode e pede o div\u00f3rcio da esposa. Helena chega na casa de seus pais para entender a situa\u00e7\u00e3o, mas o homem est\u00e1 decidido.<\/p>\n<p>Gabriela escreve para Samuel e Rosa apaga a mensagem da jovem para impedi-lo de v\u00ea-la. Andrea quer saber quem \u00e9 a mulher que est\u00e1 com Hor\u00e1cio e, embora tente entrar em contato com M\u00f3nica, a assistente n\u00e3o responde, pois ela est\u00e1 muito doente em casa.<\/p>\n<p>Pedro sonha com Helena e a cada dia que passa reafirma o que sente pela m\u00e3e de Nicol\u00e1s, enquanto Irene volta a fazer quest\u00e3o de encher a cabe\u00e7a de Ernesto de ideias contra a esposa. Nicol\u00e1s conversa com a psic\u00f3loga e descobre pelo menino que ele ama muito Pedro, mas que tem que mentir para o pai porque ele est\u00e1 chateado, ent\u00e3o a profissional conversa com Helena.<\/p>\n<p>(*) edi\u00e7\u00e3o das novelas do SBT, &#8220;Te dou a vida&#8221;, sujeito a altera\u00e7\u00e3o de data e conte\u00fado.<\/p>\n<p>Sinopse &#8220;Te dou a vida&#8221;: Nicol\u00e1s (Leonardo Herrera) \u00e9 um garoto de apenas seis anos de idade que padece de leucemia, e necessita de um transplante de medula. Elena (Eva Cede\u00f1o) e Ernesto (Jorge Salinas) s\u00e3o um casal e pais adotivos do menino. Diante da situa\u00e7\u00e3o, o casal decide ir atr\u00e1s do pai biol\u00f3gico da crian\u00e7a, Pedro (Jos\u00e9 Ron). Ele ficar\u00e1 comovido ao conhecer o filho e se aproximar\u00e1 dele e da m\u00e3e adotiva de uma forma muito especial.<\/p>\n","protected":false},"excerpt":{"rendered":"<p>Resumo da novela &#8220;Te dou a vida&#8221; em 06\/10: no cap\u00edtulo 013(*) da novela, Andrea fica chateada com o marido porque ele n\u00e3o disse que ia fazer um curso com Alfredo, por isso Hor\u00e1cio explode e pede o div\u00f3rcio da esposa. Helena chega na casa de seus pais para entender a situa\u00e7\u00e3o, mas o homem [&hellip;]<\/p>\n","protected":false},"author":4,"featured_media":210433,"comment_status":"closed","ping_status":"closed","sticky":false,"template":"","format":"standard","meta":{"tdm_status":"","tdm_grid_status":"","footnotes":""},"categories":[379,2025,372,2220,343],"tags":[441],"class_list":{"0":"post-211127","1":"post","2":"type-post","3":"status-publish","4":"format-standard","5":"has-post-thumbnail","7":"category-novelas","8":"category-resumo","9":"category-sbt","10":"category-te-dou-a-vida","11":"category-televisao","12":"tag-resumo-do-dia"},"_links":{"self":[{"href":"https:\/\/migracao.redenoticia.com.br\/noticia\/wp-json\/wp\/v2\/posts\/211127","targetHints":{"allow":["GET"]}}],"collection":[{"href":"https:\/\/migracao.redenoticia.com.br\/noticia\/wp-json\/wp\/v2\/posts"}],"about":[{"href":"https:\/\/migracao.redenoticia.com.br\/noticia\/wp-json\/wp\/v2\/types\/post"}],"author":[{"embeddable":true,"href":"https:\/\/migracao.redenoticia.com.br\/noticia\/wp-json\/wp\/v2\/users\/4"}],"replies":[{"embeddable":true,"href":"https:\/\/migracao.redenoticia.com.br\/noticia\/wp-json\/wp\/v2\/comments?post=211127"}],"version-history":[{"count":0,"href":"https:\/\/migracao.redenoticia.com.br\/noticia\/wp-json\/wp\/v2\/posts\/211127\/revisions"}],"wp:featuredmedia":[{"embeddable":true,"href":"https:\/\/migracao.redenoticia.com.br\/noticia\/wp-json\/wp\/v2\/media\/210433"}],"wp:attachment":[{"href":"https:\/\/migracao.redenoticia.com.br\/noticia\/wp-json\/wp\/v2\/media?parent=211127"}],"wp:term":[{"taxonomy":"category","embeddable":true,"href":"https:\/\/migracao.redenoticia.com.br\/noticia\/wp-json\/wp\/v2\/categories?post=211127"},{"taxonomy":"post_tag","embeddable":true,"href":"https:\/\/migracao.redenoticia.com.br\/noticia\/wp-json\/wp\/v2\/tags?post=211127"}],"curies":[{"name":"wp","href":"https:\/\/api.w.org\/{rel}","templated":true}]}}