{"id":211129,"date":"2021-10-05T12:25:15","date_gmt":"2021-10-05T15:25:15","guid":{"rendered":"https:\/\/www.redenoticia.com.br\/noticia\/?p=211129"},"modified":"2021-10-05T12:25:15","modified_gmt":"2021-10-05T15:25:15","slug":"resumo-coracao-indomavel-06-10-nasce-o-filho-de-simone","status":"publish","type":"post","link":"https:\/\/migracao.redenoticia.com.br\/noticia\/2021\/resumo-coracao-indomavel-06-10-nasce-o-filho-de-simone\/211129","title":{"rendered":"Resumo &#8220;Cora\u00e7\u00e3o Indom\u00e1vel&#8221; 06\/10: Nasce o filho de Simone"},"content":{"rendered":"<p><img loading=\"lazy\" decoding=\"async\" class=\"aligncenter size-full wp-image-206134\" src=\"https:\/\/migracao.redenoticia.com.br\/noticia\/imagens\/coracao-indomavel-resumo-novela-elenco.jpeg\" alt=\"\" width=\"1280\" height=\"720\" srcset=\"https:\/\/migracao.redenoticia.com.br\/noticia\/imagens\/coracao-indomavel-resumo-novela-elenco.jpeg 1280w, https:\/\/migracao.redenoticia.com.br\/noticia\/imagens\/coracao-indomavel-resumo-novela-elenco-250x140.jpeg 250w, https:\/\/migracao.redenoticia.com.br\/noticia\/imagens\/coracao-indomavel-resumo-novela-elenco-400x225.jpeg 400w, https:\/\/migracao.redenoticia.com.br\/noticia\/imagens\/coracao-indomavel-resumo-novela-elenco-768x432.jpeg 768w, https:\/\/migracao.redenoticia.com.br\/noticia\/imagens\/coracao-indomavel-resumo-novela-elenco-150x85.jpeg 150w\" sizes=\"auto, (max-width: 1280px) 100vw, 1280px\" \/><\/p>\n<p><strong><em>Resumo da novela &#8220;Cora\u00e7\u00e3o Indom\u00e1vel&#8221;<\/em><\/strong> em 06\/10: no cap\u00edtulo 097(*) da novela, os pe\u00f5es improvisam uma maca para Simone, e ela come\u00e7a a recobrar os sentidos. Maricruz fica angustiada pelo que pode ocorrer com Simone. Jos\u00e9 Antonio diz a Maricruz que Simone sofreu um acidente e que pode morrer. Na fazenda, Simone diz a Ofelia que viu Ot\u00e1vio beijando Maricruz, e que quer morrer junto com seu beb\u00ea. Miguel pensa que seria bom se Simone morresse, pois Ot\u00e1vio ficaria com toda sua fortuna. Maricruz pede a Jos\u00e9 Antonio que descubra o estado de sa\u00fade de Simone.<\/p>\n<p>Jos\u00e9 Antonio diz a Maricruz que Simone sofreu uma fratura no cr\u00e2nio e foi levada a uma cl\u00ednica com dores de parto. O doutor diz a Ot\u00e1vio que Simone n\u00e3o sofreu uma fratura no cr\u00e2nio, mas sim uma forte contus\u00e3o. Morais questiona Miguel para saber o que aconteceu com Simone e conta que Ot\u00e1vio o amea\u00e7ou. Miguel culpa Maricruz, diante de Morais, de causar ci\u00fames em Simone. Morais diz a Maricruz que Simone foi em busca de Ot\u00e1vio por acreditar que ele estava com outra mulher. O doutor diz a Ot\u00e1vio que ser\u00e1 necess\u00e1rio operar Simone para salvar a sua vida e a de seu beb\u00ea. A enfermeira informa a Ot\u00e1vio que Simone e seu filho se encontram em bom estado.<\/p>\n<p>Ot\u00e1vio comemora a not\u00edcia com Ofelia. Esther diz a Jos\u00e9 Antonio que agora entende o ci\u00fame de Simone. Simone recobra os sentidos e pergunta por Ot\u00e1vio. Ot\u00e1vio diz a Maricruz que eles n\u00e3o podem mais se ver. Miguel entra e o expulsa. Ofelia diz a Simone que seu filho nasceu. Miguel cobra Maricruz pelo acidente de Simone. Esther diz a Jos\u00e9 Antonio que n\u00e3o est\u00e1 se sentindo bem, e ele sai em busca de aux\u00edlio. Jos\u00e9 Antonio diz a Maricruz que Esther n\u00e3o se sente bem. Maricruz lhe diz para procurar um m\u00e9dico e pedir que ele se apresse em atend\u00ea-la.<\/p>\n<p>(*) edi\u00e7\u00e3o das novelas do SBT, &#8220;Cora\u00e7\u00e3o Indom\u00e1vel&#8221;, sujeito a altera\u00e7\u00e3o de data e conte\u00fado.<\/p>\n<p>Sinopse &#8220;Cora\u00e7\u00e3o Indom\u00e1vel&#8221;: A novela conta a hist\u00f3ria da pobre Maricruz que, ap\u00f3s ter sido abandonada pelo marido, decide se vingar daqueles que a humilharam. Ela descobre ser filha de um homem rico, tornando-se uma mulher da alta sociedade.<\/p>\n","protected":false},"excerpt":{"rendered":"<p>Resumo da novela &#8220;Cora\u00e7\u00e3o Indom\u00e1vel&#8221; em 06\/10: no cap\u00edtulo 097(*) da novela, os pe\u00f5es improvisam uma maca para Simone, e ela come\u00e7a a recobrar os sentidos. Maricruz fica angustiada pelo que pode ocorrer com Simone. Jos\u00e9 Antonio diz a Maricruz que Simone sofreu um acidente e que pode morrer. Na fazenda, Simone diz a Ofelia [&hellip;]<\/p>\n","protected":false},"author":4,"featured_media":206133,"comment_status":"closed","ping_status":"closed","sticky":false,"template":"","format":"standard","meta":{"tdm_status":"","tdm_grid_status":"","footnotes":""},"categories":[2200,379,2025,372,343],"tags":[441],"class_list":{"0":"post-211129","1":"post","2":"type-post","3":"status-publish","4":"format-standard","5":"has-post-thumbnail","7":"category-coracao-indomavel","8":"category-novelas","9":"category-resumo","10":"category-sbt","11":"category-televisao","12":"tag-resumo-do-dia"},"_links":{"self":[{"href":"https:\/\/migracao.redenoticia.com.br\/noticia\/wp-json\/wp\/v2\/posts\/211129","targetHints":{"allow":["GET"]}}],"collection":[{"href":"https:\/\/migracao.redenoticia.com.br\/noticia\/wp-json\/wp\/v2\/posts"}],"about":[{"href":"https:\/\/migracao.redenoticia.com.br\/noticia\/wp-json\/wp\/v2\/types\/post"}],"author":[{"embeddable":true,"href":"https:\/\/migracao.redenoticia.com.br\/noticia\/wp-json\/wp\/v2\/users\/4"}],"replies":[{"embeddable":true,"href":"https:\/\/migracao.redenoticia.com.br\/noticia\/wp-json\/wp\/v2\/comments?post=211129"}],"version-history":[{"count":0,"href":"https:\/\/migracao.redenoticia.com.br\/noticia\/wp-json\/wp\/v2\/posts\/211129\/revisions"}],"wp:featuredmedia":[{"embeddable":true,"href":"https:\/\/migracao.redenoticia.com.br\/noticia\/wp-json\/wp\/v2\/media\/206133"}],"wp:attachment":[{"href":"https:\/\/migracao.redenoticia.com.br\/noticia\/wp-json\/wp\/v2\/media?parent=211129"}],"wp:term":[{"taxonomy":"category","embeddable":true,"href":"https:\/\/migracao.redenoticia.com.br\/noticia\/wp-json\/wp\/v2\/categories?post=211129"},{"taxonomy":"post_tag","embeddable":true,"href":"https:\/\/migracao.redenoticia.com.br\/noticia\/wp-json\/wp\/v2\/tags?post=211129"}],"curies":[{"name":"wp","href":"https:\/\/api.w.org\/{rel}","templated":true}]}}