{"id":211138,"date":"2021-10-05T12:31:18","date_gmt":"2021-10-05T15:31:18","guid":{"rendered":"https:\/\/www.redenoticia.com.br\/noticia\/?p=211138"},"modified":"2021-10-05T12:31:18","modified_gmt":"2021-10-05T15:31:18","slug":"resumo-o-clone-06-10-jade-vai-ao-hotel-de-lucas","status":"publish","type":"post","link":"https:\/\/migracao.redenoticia.com.br\/noticia\/2021\/resumo-o-clone-06-10-jade-vai-ao-hotel-de-lucas\/211138","title":{"rendered":"Resumo &#8220;O Clone&#8221; 06\/10: Jade vai ao hotel de Lucas"},"content":{"rendered":"<p><img loading=\"lazy\" decoding=\"async\" class=\"aligncenter size-full wp-image-210455\" src=\"https:\/\/migracao.redenoticia.com.br\/noticia\/imagens\/o-clone-resumo-reprise.jpeg\" alt=\"\" width=\"1280\" height=\"720\" srcset=\"https:\/\/migracao.redenoticia.com.br\/noticia\/imagens\/o-clone-resumo-reprise.jpeg 1280w, https:\/\/migracao.redenoticia.com.br\/noticia\/imagens\/o-clone-resumo-reprise-250x140.jpeg 250w, https:\/\/migracao.redenoticia.com.br\/noticia\/imagens\/o-clone-resumo-reprise-400x225.jpeg 400w, https:\/\/migracao.redenoticia.com.br\/noticia\/imagens\/o-clone-resumo-reprise-768x432.jpeg 768w, https:\/\/migracao.redenoticia.com.br\/noticia\/imagens\/o-clone-resumo-reprise-150x85.jpeg 150w\" sizes=\"auto, (max-width: 1280px) 100vw, 1280px\" \/><\/p>\n<p><em><strong>Resumo da novela &#8220;O Clone&#8221;<\/strong><\/em> em 06\/10: no cap\u00edtulo 003(*) da novela, Jade foge correndo. Albieri e Ali divergem a respeito da clonagem humana. Jade e Lucas se v\u00eaem novamente e ele diz que n\u00e3o p\u00e1ra de pensar nela. Yvete diz a Le\u00f4nidas que Diogo est\u00e1 dando em cima dela.<\/p>\n<p>Nazira descobre que Latiffa e Said tiveram a mesma ama-de-leite e prop\u00f5e que ela se case com Mohamed, deixando Said para Jade. Le\u00f4nidas vai falar com Diogo. Jade vai ao hotel de Lucas.<\/p>\n<p>(*) edi\u00e7\u00e3o das novelas da Globo, &#8220;O Clone&#8221;, sujeito a altera\u00e7\u00e3o de data e conte\u00fado.<\/p>\n<p>Sinopse &#8220;O Clone&#8221;: In\u00edcio dos anos 1980. Le\u00f4nidas Ferraz (Reginaldo Faria) \u00e9 um empres\u00e1rio vi\u00favo com uma vida resumida aos seus neg\u00f3cios, pai de g\u00eameos id\u00eanticos: Diogo e Lucas (Murilo Ben\u00edcio).[34] Ap\u00f3s a morte de sua m\u00e3e no Rio de Janeiro, onde moravam, a jovem mu\u00e7ulmana marroquina Jade (Giovanna Antonelli) volta para a cidade marroquina de Fez para viver com seu tio Ali (St\u00eanio Garcia), que tamb\u00e9m cuida de sua outra sobrinha Latiffa (Let\u00edcia Sabatella).<\/p>\n<p>Seguidor fiel das tradi\u00e7\u00f5es mu\u00e7ulmanas, Ali busca encontrar bons maridos para as sobrinhas.[34] Diogo e Lucas v\u00e3o passar uns dias em Fez junto com o padrinho de Diogo, o geneticista Augusto Albieri (Juca de Oliveira). Os irm\u00e3os conhecem novos amores.<\/p>\n","protected":false},"excerpt":{"rendered":"<p>Resumo da novela &#8220;O Clone&#8221; em 06\/10: no cap\u00edtulo 003(*) da novela, Jade foge correndo. Albieri e Ali divergem a respeito da clonagem humana. Jade e Lucas se v\u00eaem novamente e ele diz que n\u00e3o p\u00e1ra de pensar nela. Yvete diz a Le\u00f4nidas que Diogo est\u00e1 dando em cima dela. Nazira descobre que Latiffa e [&hellip;]<\/p>\n","protected":false},"author":4,"featured_media":210454,"comment_status":"closed","ping_status":"closed","sticky":false,"template":"","format":"standard","meta":{"tdm_status":"","tdm_grid_status":"","footnotes":""},"categories":[379,2222,375,2025,343],"tags":[441],"class_list":{"0":"post-211138","1":"post","2":"type-post","3":"status-publish","4":"format-standard","5":"has-post-thumbnail","7":"category-novelas","8":"category-o-clone","9":"category-rede-globo","10":"category-resumo","11":"category-televisao","12":"tag-resumo-do-dia"},"_links":{"self":[{"href":"https:\/\/migracao.redenoticia.com.br\/noticia\/wp-json\/wp\/v2\/posts\/211138","targetHints":{"allow":["GET"]}}],"collection":[{"href":"https:\/\/migracao.redenoticia.com.br\/noticia\/wp-json\/wp\/v2\/posts"}],"about":[{"href":"https:\/\/migracao.redenoticia.com.br\/noticia\/wp-json\/wp\/v2\/types\/post"}],"author":[{"embeddable":true,"href":"https:\/\/migracao.redenoticia.com.br\/noticia\/wp-json\/wp\/v2\/users\/4"}],"replies":[{"embeddable":true,"href":"https:\/\/migracao.redenoticia.com.br\/noticia\/wp-json\/wp\/v2\/comments?post=211138"}],"version-history":[{"count":0,"href":"https:\/\/migracao.redenoticia.com.br\/noticia\/wp-json\/wp\/v2\/posts\/211138\/revisions"}],"wp:featuredmedia":[{"embeddable":true,"href":"https:\/\/migracao.redenoticia.com.br\/noticia\/wp-json\/wp\/v2\/media\/210454"}],"wp:attachment":[{"href":"https:\/\/migracao.redenoticia.com.br\/noticia\/wp-json\/wp\/v2\/media?parent=211138"}],"wp:term":[{"taxonomy":"category","embeddable":true,"href":"https:\/\/migracao.redenoticia.com.br\/noticia\/wp-json\/wp\/v2\/categories?post=211138"},{"taxonomy":"post_tag","embeddable":true,"href":"https:\/\/migracao.redenoticia.com.br\/noticia\/wp-json\/wp\/v2\/tags?post=211138"}],"curies":[{"name":"wp","href":"https:\/\/api.w.org\/{rel}","templated":true}]}}