{"id":211177,"date":"2021-10-06T13:11:18","date_gmt":"2021-10-06T16:11:18","guid":{"rendered":"https:\/\/www.redenoticia.com.br\/noticia\/?p=211177"},"modified":"2021-10-06T13:11:18","modified_gmt":"2021-10-06T16:11:18","slug":"resumo-coracao-indomavel-07-10-maricruz-confessa-a-jose-antonio-que-esta-falida","status":"publish","type":"post","link":"https:\/\/migracao.redenoticia.com.br\/noticia\/2021\/resumo-coracao-indomavel-07-10-maricruz-confessa-a-jose-antonio-que-esta-falida\/211177","title":{"rendered":"Resumo &#8220;Cora\u00e7\u00e3o Indom\u00e1vel&#8221; 07\/10: Maricruz confessa a Jos\u00e9 Antonio que est\u00e1 falida"},"content":{"rendered":"<p><img loading=\"lazy\" decoding=\"async\" class=\"aligncenter size-full wp-image-206134\" src=\"https:\/\/migracao.redenoticia.com.br\/noticia\/imagens\/coracao-indomavel-resumo-novela-elenco.jpeg\" alt=\"\" width=\"1280\" height=\"720\" srcset=\"https:\/\/migracao.redenoticia.com.br\/noticia\/imagens\/coracao-indomavel-resumo-novela-elenco.jpeg 1280w, https:\/\/migracao.redenoticia.com.br\/noticia\/imagens\/coracao-indomavel-resumo-novela-elenco-250x140.jpeg 250w, https:\/\/migracao.redenoticia.com.br\/noticia\/imagens\/coracao-indomavel-resumo-novela-elenco-400x225.jpeg 400w, https:\/\/migracao.redenoticia.com.br\/noticia\/imagens\/coracao-indomavel-resumo-novela-elenco-768x432.jpeg 768w, https:\/\/migracao.redenoticia.com.br\/noticia\/imagens\/coracao-indomavel-resumo-novela-elenco-150x85.jpeg 150w\" sizes=\"auto, (max-width: 1280px) 100vw, 1280px\" \/><\/p>\n<p><strong><em>Resumo da novela &#8220;Cora\u00e7\u00e3o Indom\u00e1vel&#8221;<\/em><\/strong> em 07\/10: no cap\u00edtulo 098(*) da novela, Simone reclama com Ot\u00e1vio por ele ter ido embora da cl\u00ednica sem avis\u00e1-la. A enfermeira diz a Ot\u00e1vio que logo poder\u00e1 levar seu filho \u00e0 cl\u00ednica. Ot\u00e1vio diz a Simone o que a enfermeira o disse e Simone pergunta se eles voltar\u00e3o logo para a fazenda. Ot\u00e1vio e Simone discutem de novo e ele grita dizendo que Simone o comprou, Simone d\u00e1 um tapa em Ot\u00e1vio. Mudinha, com sinais, diz a Maricruz que Perico a beijou e ela est\u00e1 apaixonada por ele. Jos\u00e9 Antonio pergunta a Natasha quando ela o recompensar\u00e1 por ter se deixado pintar.<\/p>\n<p>Na fazenda, Simone diz a Ot\u00e1vio que n\u00e3o trouxe rem\u00e9dio para dor de cabe\u00e7a, Ot\u00e1vio pede que ela n\u00e3o se preocupe, j\u00e1 que o m\u00e9dico garantiu que n\u00e3o houve nenhuma les\u00e3o alguma. Jos\u00e9 Antonio diz a Maricruz que roubaram cem de suas melhores cabe\u00e7as de gado, e j\u00e1 fez a den\u00fancia do roubo na delegacia. Miguel diz a Simone que o dia em que Ot\u00e1vio a deixou s\u00f3 na cl\u00ednica, foi porque ele a mandou chamar. Maricruz confessa a Jos\u00e9 Antonio que provavelmente est\u00e1 falida. Santa diz a Rivera que eles poderiam pedir para que investiguem Jos\u00e9 Antonio. Miguel informa a Ot\u00e1vio e Simone sobre os roubos sofridos por Maricruz, Simone sorri. Ot\u00e1vio diz a Maricruz que o ladr\u00e3o de gado est\u00e1 em sua pr\u00f3pria fazenda. Jos\u00e9 Antonio e Natasha entram nus no Rio.<\/p>\n<p>Ot\u00e1vio aconselha Maricruz a se casar de novo e se precisar vender a fazenda, que a venda para ele. Simone sofre novamente com fortes dores na cabe\u00e7a. Jos\u00e9 Antonio d\u00e1 a Esther uma grande quantidade de dinheiro para que ela compre o que precisar. Ot\u00e1vio diz a Esther que est\u00e1 certo de que Jos\u00e9 Antonio \u00e9 uma das pessoas que roubam Maricruz. Rivera diz a Maricruz que pensa que o ladr\u00e3o est\u00e1 em sua pr\u00f3pria fazenda. Rivera acusa Jos\u00e9 Ant\u00f4nio de roubo de gado. Ot\u00e1vio aplica uma inje\u00e7\u00e3o em Simone.<\/p>\n<p>(*) edi\u00e7\u00e3o das novelas do SBT, &#8220;Cora\u00e7\u00e3o Indom\u00e1vel&#8221;, sujeito a altera\u00e7\u00e3o de data e conte\u00fado.<\/p>\n<p>Sinopse &#8220;Cora\u00e7\u00e3o Indom\u00e1vel&#8221;: A novela conta a hist\u00f3ria da pobre Maricruz que, ap\u00f3s ter sido abandonada pelo marido, decide se vingar daqueles que a humilharam. Ela descobre ser filha de um homem rico, tornando-se uma mulher da alta sociedade.<\/p>\n","protected":false},"excerpt":{"rendered":"<p>Resumo da novela &#8220;Cora\u00e7\u00e3o Indom\u00e1vel&#8221; em 07\/10: no cap\u00edtulo 098(*) da novela, Simone reclama com Ot\u00e1vio por ele ter ido embora da cl\u00ednica sem avis\u00e1-la. A enfermeira diz a Ot\u00e1vio que logo poder\u00e1 levar seu filho \u00e0 cl\u00ednica. Ot\u00e1vio diz a Simone o que a enfermeira o disse e Simone pergunta se eles voltar\u00e3o logo [&hellip;]<\/p>\n","protected":false},"author":4,"featured_media":206133,"comment_status":"closed","ping_status":"closed","sticky":false,"template":"","format":"standard","meta":{"tdm_status":"","tdm_grid_status":"","footnotes":""},"categories":[2200,379,2025,372,343],"tags":[441],"class_list":{"0":"post-211177","1":"post","2":"type-post","3":"status-publish","4":"format-standard","5":"has-post-thumbnail","7":"category-coracao-indomavel","8":"category-novelas","9":"category-resumo","10":"category-sbt","11":"category-televisao","12":"tag-resumo-do-dia"},"_links":{"self":[{"href":"https:\/\/migracao.redenoticia.com.br\/noticia\/wp-json\/wp\/v2\/posts\/211177","targetHints":{"allow":["GET"]}}],"collection":[{"href":"https:\/\/migracao.redenoticia.com.br\/noticia\/wp-json\/wp\/v2\/posts"}],"about":[{"href":"https:\/\/migracao.redenoticia.com.br\/noticia\/wp-json\/wp\/v2\/types\/post"}],"author":[{"embeddable":true,"href":"https:\/\/migracao.redenoticia.com.br\/noticia\/wp-json\/wp\/v2\/users\/4"}],"replies":[{"embeddable":true,"href":"https:\/\/migracao.redenoticia.com.br\/noticia\/wp-json\/wp\/v2\/comments?post=211177"}],"version-history":[{"count":0,"href":"https:\/\/migracao.redenoticia.com.br\/noticia\/wp-json\/wp\/v2\/posts\/211177\/revisions"}],"wp:featuredmedia":[{"embeddable":true,"href":"https:\/\/migracao.redenoticia.com.br\/noticia\/wp-json\/wp\/v2\/media\/206133"}],"wp:attachment":[{"href":"https:\/\/migracao.redenoticia.com.br\/noticia\/wp-json\/wp\/v2\/media?parent=211177"}],"wp:term":[{"taxonomy":"category","embeddable":true,"href":"https:\/\/migracao.redenoticia.com.br\/noticia\/wp-json\/wp\/v2\/categories?post=211177"},{"taxonomy":"post_tag","embeddable":true,"href":"https:\/\/migracao.redenoticia.com.br\/noticia\/wp-json\/wp\/v2\/tags?post=211177"}],"curies":[{"name":"wp","href":"https:\/\/api.w.org\/{rel}","templated":true}]}}