{"id":211194,"date":"2021-10-06T13:27:27","date_gmt":"2021-10-06T16:27:27","guid":{"rendered":"https:\/\/www.redenoticia.com.br\/noticia\/?p=211194"},"modified":"2021-10-06T13:27:27","modified_gmt":"2021-10-06T16:27:27","slug":"resumo-imperio-07-10-cora-conta-segredo-de-maria-marta-para-jose-alfredo","status":"publish","type":"post","link":"https:\/\/migracao.redenoticia.com.br\/noticia\/2021\/resumo-imperio-07-10-cora-conta-segredo-de-maria-marta-para-jose-alfredo\/211194","title":{"rendered":"Resumo \u201cImp\u00e9rio\u201d 07\/10: Cora conta segredo de Maria Marta para Jos\u00e9 Alfredo"},"content":{"rendered":"<p><img loading=\"lazy\" decoding=\"async\" class=\"aligncenter size-full wp-image-205063\" src=\"https:\/\/migracao.redenoticia.com.br\/noticia\/imagens\/novela-imperio-resumo-elenco.jpeg\" alt=\"\" width=\"1280\" height=\"720\" srcset=\"https:\/\/migracao.redenoticia.com.br\/noticia\/imagens\/novela-imperio-resumo-elenco.jpeg 1280w, https:\/\/migracao.redenoticia.com.br\/noticia\/imagens\/novela-imperio-resumo-elenco-250x140.jpeg 250w, https:\/\/migracao.redenoticia.com.br\/noticia\/imagens\/novela-imperio-resumo-elenco-400x225.jpeg 400w, https:\/\/migracao.redenoticia.com.br\/noticia\/imagens\/novela-imperio-resumo-elenco-768x432.jpeg 768w, https:\/\/migracao.redenoticia.com.br\/noticia\/imagens\/novela-imperio-resumo-elenco-150x85.jpeg 150w\" sizes=\"auto, (max-width: 1280px) 100vw, 1280px\" \/><\/p>\n<p><em><strong>Resumo novela \u201cImp\u00e9rio\u201d<\/strong><\/em> em 07\/10: no cap\u00edtulo 154(*) da novela, Maria Marta n\u00e3o aceita a demiss\u00e3o de Jos\u00e9 Pedro. Beatriz cobra novamente uma resposta de Enrico. Amanda conversa com Jos\u00e9 Pedro. Jos\u00e9 Pedro enfrenta Jos\u00e9 Alfredo. Maria Clara e Cristina discutem. Enrico conversa com Beatriz sobre Cl\u00e1udio e ela se emociona.<\/p>\n<p>Maria Clara conversa com Amanda sobre Silviano. Cora conversa com T\u00e9o. Ant\u00f4nio vai ao sal\u00e3o da Xana.<\/p>\n<p>Xana e Luciano se encontram. Cora e T\u00e9o v\u00e3o \u00e0 joalheria Imp\u00e9rio. Helena e Orville conversam sobre Salvador. Ant\u00f4nio se declara para Nan\u00e1. Silviano avisa a Maria Marta que Jos\u00e9 Pedro saiu de casa. Danielle debocha de Jos\u00e9 Pedro. Maria Clara diz que vai dormir na casa de Xana. Cora faz uma revela\u00e7\u00e3o sobre Maria Marta para Jos\u00e9 Alfredo.<\/p>\n<p>(*) edi\u00e7\u00e3o das novelas da Globo, \u201cImp\u00e9rio\u201d, sujeito a altera\u00e7\u00e3o de data e conte\u00fado.<\/p>\n<p>Sinopse Novela &#8220;Imp\u00e9rio&#8221;: hist\u00f3ria do pernambucano Jos\u00e9 Alfredo de Medeiros (Chay Suede\/Alexandre Nero), o homem de preto. Dono de uma rede de joalherias, o Comendador tem tr\u00eas filhos com a aristocrata falida Maria Marta Mendon\u00e7a e Albuquerque (Adriana Birolli\/Lilia Cabral): Jos\u00e9 Pedro (Caio Blat), Maria Clara (Andreia Horta) e Jo\u00e3o Lucas (Daniel Rocha). Os tr\u00eas disputam a heran\u00e7a da empresa constru\u00edda pelo pai.<\/p>\n","protected":false},"excerpt":{"rendered":"<p>Resumo novela \u201cImp\u00e9rio\u201d em 07\/10: no cap\u00edtulo 154(*) da novela, Maria Marta n\u00e3o aceita a demiss\u00e3o de Jos\u00e9 Pedro. Beatriz cobra novamente uma resposta de Enrico. Amanda conversa com Jos\u00e9 Pedro. Jos\u00e9 Pedro enfrenta Jos\u00e9 Alfredo. Maria Clara e Cristina discutem. Enrico conversa com Beatriz sobre Cl\u00e1udio e ela se emociona. Maria Clara conversa com [&hellip;]<\/p>\n","protected":false},"author":4,"featured_media":205061,"comment_status":"closed","ping_status":"closed","sticky":false,"template":"","format":"standard","meta":{"tdm_status":"","tdm_grid_status":"","footnotes":""},"categories":[2196,379,375,2025,343],"tags":[441],"class_list":{"0":"post-211194","1":"post","2":"type-post","3":"status-publish","4":"format-standard","5":"has-post-thumbnail","7":"category-imperio","8":"category-novelas","9":"category-rede-globo","10":"category-resumo","11":"category-televisao","12":"tag-resumo-do-dia"},"_links":{"self":[{"href":"https:\/\/migracao.redenoticia.com.br\/noticia\/wp-json\/wp\/v2\/posts\/211194","targetHints":{"allow":["GET"]}}],"collection":[{"href":"https:\/\/migracao.redenoticia.com.br\/noticia\/wp-json\/wp\/v2\/posts"}],"about":[{"href":"https:\/\/migracao.redenoticia.com.br\/noticia\/wp-json\/wp\/v2\/types\/post"}],"author":[{"embeddable":true,"href":"https:\/\/migracao.redenoticia.com.br\/noticia\/wp-json\/wp\/v2\/users\/4"}],"replies":[{"embeddable":true,"href":"https:\/\/migracao.redenoticia.com.br\/noticia\/wp-json\/wp\/v2\/comments?post=211194"}],"version-history":[{"count":0,"href":"https:\/\/migracao.redenoticia.com.br\/noticia\/wp-json\/wp\/v2\/posts\/211194\/revisions"}],"wp:featuredmedia":[{"embeddable":true,"href":"https:\/\/migracao.redenoticia.com.br\/noticia\/wp-json\/wp\/v2\/media\/205061"}],"wp:attachment":[{"href":"https:\/\/migracao.redenoticia.com.br\/noticia\/wp-json\/wp\/v2\/media?parent=211194"}],"wp:term":[{"taxonomy":"category","embeddable":true,"href":"https:\/\/migracao.redenoticia.com.br\/noticia\/wp-json\/wp\/v2\/categories?post=211194"},{"taxonomy":"post_tag","embeddable":true,"href":"https:\/\/migracao.redenoticia.com.br\/noticia\/wp-json\/wp\/v2\/tags?post=211194"}],"curies":[{"name":"wp","href":"https:\/\/api.w.org\/{rel}","templated":true}]}}