{"id":211230,"date":"2021-10-07T17:57:28","date_gmt":"2021-10-07T20:57:28","guid":{"rendered":"https:\/\/www.redenoticia.com.br\/noticia\/?p=211230"},"modified":"2021-10-07T17:57:28","modified_gmt":"2021-10-07T20:57:28","slug":"resumo-coracao-indomavel-08-10-otavio-propoe-divorcio-a-simone","status":"publish","type":"post","link":"https:\/\/migracao.redenoticia.com.br\/noticia\/2021\/resumo-coracao-indomavel-08-10-otavio-propoe-divorcio-a-simone\/211230","title":{"rendered":"Resumo &#8220;Cora\u00e7\u00e3o Indom\u00e1vel&#8221; 08\/10: Ot\u00e1vio prop\u00f5e div\u00f3rcio a Simone"},"content":{"rendered":"<p> <img loading=\"lazy\" decoding=\"async\" class=\"aligncenter size-full wp-image-206134\" src=\"https:\/\/migracao.redenoticia.com.br\/noticia\/imagens\/coracao-indomavel-resumo-novela-elenco.jpeg\" alt=\"\" width=\"1280\" height=\"720\" srcset=\"https:\/\/migracao.redenoticia.com.br\/noticia\/imagens\/coracao-indomavel-resumo-novela-elenco.jpeg 1280w, https:\/\/migracao.redenoticia.com.br\/noticia\/imagens\/coracao-indomavel-resumo-novela-elenco-250x140.jpeg 250w, https:\/\/migracao.redenoticia.com.br\/noticia\/imagens\/coracao-indomavel-resumo-novela-elenco-400x225.jpeg 400w, https:\/\/migracao.redenoticia.com.br\/noticia\/imagens\/coracao-indomavel-resumo-novela-elenco-768x432.jpeg 768w, https:\/\/migracao.redenoticia.com.br\/noticia\/imagens\/coracao-indomavel-resumo-novela-elenco-150x85.jpeg 150w\" sizes=\"auto, (max-width: 1280px) 100vw, 1280px\" \/><\/p>\n<p><strong><em>Resumo da novela &#8220;Cora\u00e7\u00e3o Indom\u00e1vel&#8221;<\/em><\/strong> em 08\/10: no cap\u00edtulo 099(*) da novela, Maricruz explica a Vargas sua situa\u00e7\u00e3o econ\u00f4mica. Miguel aconselha Ot\u00e1vio a ir embora para longe junto a Simone. Simone diz a Ofelia que suas dores s\u00e3o causadas pelos desgostos que lhe d\u00e1 Maricruz. Ot\u00e1vio diz a Miguel que n\u00e3o se transformar\u00e1 em um escravo de Simone. <\/p>\n<p>Miguel se prop\u00f5e a acabar com a harmonia entre Ot\u00e1vio e Simone para que assim decidam ir embora. Maricruz diz a Jos\u00e9 Antonio que n\u00e3o quer que Mudinha fique a s\u00f3s com Perico. Simone se oferece para acompanhar Ot\u00e1vio em sua ronda pela fazenda, ele nega. Miguel o pergunta porque ele n\u00e3o quer a companhia de Simone. Jos\u00e9 Antonio confessa a Maricruz que tem uma rela\u00e7\u00e3o com Natasha. Simone diz a Ot\u00e1vio que se ele n\u00e3o quiser ser acompanhado, \u00e9 porque, seguramente, vai se encontrar com Maricruz.<\/p>\n<p>Simone e Ot\u00e1vio discutem. Miguel sugere que eles viajem. Ot\u00e1vio diz que n\u00e3o pretende viajar. Ot\u00e1vio prop\u00f5e div\u00f3rcio a Simone. Jos\u00e9 Antonio pensa em ir para a fazenda de Simone. Romano e \u00c1lvaro se apresentam na fazenda de Maricruz e dizem que em sua fazenda existe uma mina de ouro. Rivera comenta com Ot\u00e1vio a situa\u00e7\u00e3o econ\u00f4mica de Maricruz, e ele diz que a apoiar\u00e1 na defesa de suas terras. Herm\u00ednio diz a Jos\u00e9 Antonio que v\u00e3o tirar a fazenda de Maricruz. <\/p>\n<p>\u00c1lvaro diz a Maricruz que a apoiar\u00e1 no que necessite. Jos\u00e9 Antonio diz a Esther que Maricruz ter\u00e1 que deixar a fazenda e ficar\u00e1 na mais absoluta ru\u00edna. Esther sorri e diz que a morte de L\u00facia ser\u00e1 vingada. Esther informa a Simone que Maricruz ser\u00e1 colocada para fora de sua casa na fazenda. Na mesa, Simone pede a Ot\u00e1vio e Miguel que brindem com champagne porque Maricruz ficar\u00e1 desalojada.<\/p>\n<p>(*) edi\u00e7\u00e3o das novelas do SBT, &#8220;Cora\u00e7\u00e3o Indom\u00e1vel&#8221;, sujeito a altera\u00e7\u00e3o de data e conte\u00fado.<\/p>\n<p>Sinopse &#8220;Cora\u00e7\u00e3o Indom\u00e1vel&#8221;: A novela conta a hist\u00f3ria da pobre Maricruz que, ap\u00f3s ter sido abandonada pelo marido, decide se vingar daqueles que a humilharam. Ela descobre ser filha de um homem rico, tornando-se uma mulher da alta sociedade.<\/p>\n","protected":false},"excerpt":{"rendered":"<p>Resumo da novela &#8220;Cora\u00e7\u00e3o Indom\u00e1vel&#8221; em 08\/10: no cap\u00edtulo 099(*) da novela, Maricruz explica a Vargas sua situa\u00e7\u00e3o econ\u00f4mica. Miguel aconselha Ot\u00e1vio a ir embora para longe junto a Simone. Simone diz a Ofelia que suas dores s\u00e3o causadas pelos desgostos que lhe d\u00e1 Maricruz. Ot\u00e1vio diz a Miguel que n\u00e3o se transformar\u00e1 em um [&hellip;]<\/p>\n","protected":false},"author":2,"featured_media":206133,"comment_status":"closed","ping_status":"closed","sticky":false,"template":"","format":"standard","meta":{"tdm_status":"","tdm_grid_status":"","footnotes":""},"categories":[2200,379,2025,372,343],"tags":[441],"class_list":{"0":"post-211230","1":"post","2":"type-post","3":"status-publish","4":"format-standard","5":"has-post-thumbnail","7":"category-coracao-indomavel","8":"category-novelas","9":"category-resumo","10":"category-sbt","11":"category-televisao","12":"tag-resumo-do-dia"},"_links":{"self":[{"href":"https:\/\/migracao.redenoticia.com.br\/noticia\/wp-json\/wp\/v2\/posts\/211230","targetHints":{"allow":["GET"]}}],"collection":[{"href":"https:\/\/migracao.redenoticia.com.br\/noticia\/wp-json\/wp\/v2\/posts"}],"about":[{"href":"https:\/\/migracao.redenoticia.com.br\/noticia\/wp-json\/wp\/v2\/types\/post"}],"author":[{"embeddable":true,"href":"https:\/\/migracao.redenoticia.com.br\/noticia\/wp-json\/wp\/v2\/users\/2"}],"replies":[{"embeddable":true,"href":"https:\/\/migracao.redenoticia.com.br\/noticia\/wp-json\/wp\/v2\/comments?post=211230"}],"version-history":[{"count":0,"href":"https:\/\/migracao.redenoticia.com.br\/noticia\/wp-json\/wp\/v2\/posts\/211230\/revisions"}],"wp:featuredmedia":[{"embeddable":true,"href":"https:\/\/migracao.redenoticia.com.br\/noticia\/wp-json\/wp\/v2\/media\/206133"}],"wp:attachment":[{"href":"https:\/\/migracao.redenoticia.com.br\/noticia\/wp-json\/wp\/v2\/media?parent=211230"}],"wp:term":[{"taxonomy":"category","embeddable":true,"href":"https:\/\/migracao.redenoticia.com.br\/noticia\/wp-json\/wp\/v2\/categories?post=211230"},{"taxonomy":"post_tag","embeddable":true,"href":"https:\/\/migracao.redenoticia.com.br\/noticia\/wp-json\/wp\/v2\/tags?post=211230"}],"curies":[{"name":"wp","href":"https:\/\/api.w.org\/{rel}","templated":true}]}}