{"id":211231,"date":"2021-10-07T17:56:32","date_gmt":"2021-10-07T20:56:32","guid":{"rendered":"https:\/\/www.redenoticia.com.br\/noticia\/?p=211231"},"modified":"2021-10-07T17:56:32","modified_gmt":"2021-10-07T20:56:32","slug":"resumo-te-dou-a-vida-08-10-pedro-e-preso","status":"publish","type":"post","link":"https:\/\/migracao.redenoticia.com.br\/noticia\/2021\/resumo-te-dou-a-vida-08-10-pedro-e-preso\/211231","title":{"rendered":"Resumo &#8220;Te dou a vida&#8221; 08\/10: Pedro \u00e9 preso"},"content":{"rendered":"<p> <img loading=\"lazy\" decoding=\"async\" class=\"aligncenter size-full wp-image-210432\" src=\"https:\/\/migracao.redenoticia.com.br\/noticia\/imagens\/te-dou-a-vida-elenco-personagem-novela-resumo.jpeg\" alt=\"\" width=\"1280\" height=\"720\" srcset=\"https:\/\/migracao.redenoticia.com.br\/noticia\/imagens\/te-dou-a-vida-elenco-personagem-novela-resumo.jpeg 1280w, https:\/\/migracao.redenoticia.com.br\/noticia\/imagens\/te-dou-a-vida-elenco-personagem-novela-resumo-250x140.jpeg 250w, https:\/\/migracao.redenoticia.com.br\/noticia\/imagens\/te-dou-a-vida-elenco-personagem-novela-resumo-400x225.jpeg 400w, https:\/\/migracao.redenoticia.com.br\/noticia\/imagens\/te-dou-a-vida-elenco-personagem-novela-resumo-768x432.jpeg 768w, https:\/\/migracao.redenoticia.com.br\/noticia\/imagens\/te-dou-a-vida-elenco-personagem-novela-resumo-150x85.jpeg 150w\" sizes=\"auto, (max-width: 1280px) 100vw, 1280px\" \/><\/p>\n<p><strong><em>Resumo da novela &#8220;Te dou a vida&#8221;<\/em><\/strong> em 08\/10: no cap\u00edtulo 015(*) da novela, pol\u00edcia prende Pedro. Elena exige que Ernesto desista da a\u00e7\u00e3o. Gina culpa Elena por tudo o que aconteceu. Pedro e Ernesto se enfrentam.<\/p>\n<p>Em detalhes, Ernesto encontra Pedro e permite que Nicol\u00e1s d\u00ea um passeio sozinho com ele, ent\u00e3o o menino visita a oficina onde trabalha, por\u00e9m, tudo \u00e9 uma armadilha, pois o marido Elena fala com a pol\u00edcia e afirma que seu filho foi sequestrado.<\/p>\n<p>Os policiais chegam na oficina de Pedro e o prendem, ent\u00e3o ele liga para Samuel e o informa do ocorrido. Por outro lado, Pili liga para Andrea e conta para a amiga que Hor\u00e1cio est\u00e1 passeando com M\u00f4nica no parque, por isso a m\u00e3e de suas filhas faz barulho com ela.<\/p>\n<p>Elena descobre que Pedro est\u00e1 sob cust\u00f3dia e vai at\u00e9 a delegacia para dar seu apoio a Pedro, al\u00e9m disso, ela lhe diz que vai testemunhar a favor dele para que ele n\u00e3o v\u00e1 para a cadeia.<\/p>\n<p>Toda a fam\u00edlia de Pedro se re\u00fane na delegacia e Elena suporta uma m\u00e1 atitude de Ernesto.<\/p>\n<p>(*) edi\u00e7\u00e3o das novelas do SBT, &#8220;Te dou a vida&#8221;, sujeito a altera\u00e7\u00e3o de data e conte\u00fado.<\/p>\n<p>Sinopse &#8220;Te dou a vida&#8221;: Nicol\u00e1s (Leonardo Herrera) \u00e9 um garoto de apenas seis anos de idade que padece de leucemia, e necessita de um transplante de medula. Elena (Eva Cede\u00f1o) e Ernesto (Jorge Salinas) s\u00e3o um casal e pais adotivos do menino. Diante da situa\u00e7\u00e3o, o casal decide ir atr\u00e1s do pai biol\u00f3gico da crian\u00e7a, Pedro (Jos\u00e9 Ron). Ele ficar\u00e1 comovido ao conhecer o filho e se aproximar\u00e1 dele e da m\u00e3e adotiva de uma forma muito especial.<\/p>\n","protected":false},"excerpt":{"rendered":"<p>Resumo da novela &#8220;Te dou a vida&#8221; em 08\/10: no cap\u00edtulo 015(*) da novela, pol\u00edcia prende Pedro. Elena exige que Ernesto desista da a\u00e7\u00e3o. Gina culpa Elena por tudo o que aconteceu. Pedro e Ernesto se enfrentam. Em detalhes, Ernesto encontra Pedro e permite que Nicol\u00e1s d\u00ea um passeio sozinho com ele, ent\u00e3o o menino [&hellip;]<\/p>\n","protected":false},"author":2,"featured_media":210433,"comment_status":"closed","ping_status":"closed","sticky":false,"template":"","format":"standard","meta":{"tdm_status":"","tdm_grid_status":"","footnotes":""},"categories":[379,2025,372,2220,343],"tags":[441],"class_list":{"0":"post-211231","1":"post","2":"type-post","3":"status-publish","4":"format-standard","5":"has-post-thumbnail","7":"category-novelas","8":"category-resumo","9":"category-sbt","10":"category-te-dou-a-vida","11":"category-televisao","12":"tag-resumo-do-dia"},"_links":{"self":[{"href":"https:\/\/migracao.redenoticia.com.br\/noticia\/wp-json\/wp\/v2\/posts\/211231","targetHints":{"allow":["GET"]}}],"collection":[{"href":"https:\/\/migracao.redenoticia.com.br\/noticia\/wp-json\/wp\/v2\/posts"}],"about":[{"href":"https:\/\/migracao.redenoticia.com.br\/noticia\/wp-json\/wp\/v2\/types\/post"}],"author":[{"embeddable":true,"href":"https:\/\/migracao.redenoticia.com.br\/noticia\/wp-json\/wp\/v2\/users\/2"}],"replies":[{"embeddable":true,"href":"https:\/\/migracao.redenoticia.com.br\/noticia\/wp-json\/wp\/v2\/comments?post=211231"}],"version-history":[{"count":0,"href":"https:\/\/migracao.redenoticia.com.br\/noticia\/wp-json\/wp\/v2\/posts\/211231\/revisions"}],"wp:featuredmedia":[{"embeddable":true,"href":"https:\/\/migracao.redenoticia.com.br\/noticia\/wp-json\/wp\/v2\/media\/210433"}],"wp:attachment":[{"href":"https:\/\/migracao.redenoticia.com.br\/noticia\/wp-json\/wp\/v2\/media?parent=211231"}],"wp:term":[{"taxonomy":"category","embeddable":true,"href":"https:\/\/migracao.redenoticia.com.br\/noticia\/wp-json\/wp\/v2\/categories?post=211231"},{"taxonomy":"post_tag","embeddable":true,"href":"https:\/\/migracao.redenoticia.com.br\/noticia\/wp-json\/wp\/v2\/tags?post=211231"}],"curies":[{"name":"wp","href":"https:\/\/api.w.org\/{rel}","templated":true}]}}