{"id":211264,"date":"2021-10-08T13:25:57","date_gmt":"2021-10-08T16:25:57","guid":{"rendered":"https:\/\/www.redenoticia.com.br\/noticia\/?p=211264"},"modified":"2021-10-08T13:25:57","modified_gmt":"2021-10-08T16:25:57","slug":"resumo-imperio-09-10-clara-flagra-conversa-entre-pedro-e-merival","status":"publish","type":"post","link":"https:\/\/migracao.redenoticia.com.br\/noticia\/2021\/resumo-imperio-09-10-clara-flagra-conversa-entre-pedro-e-merival\/211264","title":{"rendered":"Resumo \u201cImp\u00e9rio\u201d 09\/10: Clara flagra conversa entre Pedro e Merival"},"content":{"rendered":"<p><img loading=\"lazy\" decoding=\"async\" class=\"aligncenter size-full wp-image-205063\" src=\"https:\/\/migracao.redenoticia.com.br\/noticia\/imagens\/novela-imperio-resumo-elenco.jpeg\" alt=\"\" width=\"1280\" height=\"720\" srcset=\"https:\/\/migracao.redenoticia.com.br\/noticia\/imagens\/novela-imperio-resumo-elenco.jpeg 1280w, https:\/\/migracao.redenoticia.com.br\/noticia\/imagens\/novela-imperio-resumo-elenco-250x140.jpeg 250w, https:\/\/migracao.redenoticia.com.br\/noticia\/imagens\/novela-imperio-resumo-elenco-400x225.jpeg 400w, https:\/\/migracao.redenoticia.com.br\/noticia\/imagens\/novela-imperio-resumo-elenco-768x432.jpeg 768w, https:\/\/migracao.redenoticia.com.br\/noticia\/imagens\/novela-imperio-resumo-elenco-150x85.jpeg 150w\" sizes=\"auto, (max-width: 1280px) 100vw, 1280px\" \/><\/p>\n<p><em><strong>Resumo novela \u201cImp\u00e9rio\u201d<\/strong><\/em> em 09\/10: no cap\u00edtulo 156(*) da novela, Jos\u00e9 Alfredo cobra explica\u00e7\u00f5es de Maria Marta sobre seu casamento com Silviano. Du conversa com Jo\u00e3o Lucas. Antoninho convida Jos\u00e9 Alfredo para desfilar na escola Uni\u00e3o de Santa Tereza. Silviano chora olhando foto de seu casamento com Maria Marta. Josu\u00e9 e Jos\u00e9 Alfredo procuram \u00e1lbum que Maur\u00edlio deu para Maria Marta. Magn\u00f3lia decide comprar um camarote para o carnaval. \u00c9rika parabeniza T\u00e9o por sucesso da campanha de doa\u00e7\u00e3o de sangue para Cl\u00e1udio.<\/p>\n<p>X\u00eania arma plano para boicotar fantasia de Juju. Xana e Nan\u00e1 levam Luciano para casa de acolhimento. Maria Marta conta para Maria Clara que Jos\u00e9 Alfredo descobriu seu segredo com Silviano. Nan\u00e1 conta para Xana que quer casar com Ant\u00f4nio para adotar Luciano e Xana fica decepcionada. Maria Isis, Ant\u00f4nio e Vicente visitam Cl\u00e1udio no hospital. Maria Clara v\u00ea Jos\u00e9 Pedro conversando com Merival. T\u00e9o Pereira recebe flores.<\/p>\n<p>(*) edi\u00e7\u00e3o das novelas da Globo, \u201cImp\u00e9rio\u201d, sujeito a altera\u00e7\u00e3o de data e conte\u00fado.<\/p>\n<p>Sinopse Novela &#8220;Imp\u00e9rio&#8221;: hist\u00f3ria do pernambucano Jos\u00e9 Alfredo de Medeiros (Chay Suede\/Alexandre Nero), o homem de preto. Dono de uma rede de joalherias, o Comendador tem tr\u00eas filhos com a aristocrata falida Maria Marta Mendon\u00e7a e Albuquerque (Adriana Birolli\/Lilia Cabral): Jos\u00e9 Pedro (Caio Blat), Maria Clara (Andreia Horta) e Jo\u00e3o Lucas (Daniel Rocha). Os tr\u00eas disputam a heran\u00e7a da empresa constru\u00edda pelo pai.<\/p>\n","protected":false},"excerpt":{"rendered":"<p>Resumo novela \u201cImp\u00e9rio\u201d em 09\/10: no cap\u00edtulo 156(*) da novela, Jos\u00e9 Alfredo cobra explica\u00e7\u00f5es de Maria Marta sobre seu casamento com Silviano. Du conversa com Jo\u00e3o Lucas. Antoninho convida Jos\u00e9 Alfredo para desfilar na escola Uni\u00e3o de Santa Tereza. Silviano chora olhando foto de seu casamento com Maria Marta. Josu\u00e9 e Jos\u00e9 Alfredo procuram \u00e1lbum [&hellip;]<\/p>\n","protected":false},"author":4,"featured_media":206992,"comment_status":"closed","ping_status":"closed","sticky":false,"template":"","format":"standard","meta":{"tdm_status":"","tdm_grid_status":"","footnotes":""},"categories":[2196,379,375,2025,343],"tags":[441],"class_list":{"0":"post-211264","1":"post","2":"type-post","3":"status-publish","4":"format-standard","5":"has-post-thumbnail","7":"category-imperio","8":"category-novelas","9":"category-rede-globo","10":"category-resumo","11":"category-televisao","12":"tag-resumo-do-dia"},"_links":{"self":[{"href":"https:\/\/migracao.redenoticia.com.br\/noticia\/wp-json\/wp\/v2\/posts\/211264","targetHints":{"allow":["GET"]}}],"collection":[{"href":"https:\/\/migracao.redenoticia.com.br\/noticia\/wp-json\/wp\/v2\/posts"}],"about":[{"href":"https:\/\/migracao.redenoticia.com.br\/noticia\/wp-json\/wp\/v2\/types\/post"}],"author":[{"embeddable":true,"href":"https:\/\/migracao.redenoticia.com.br\/noticia\/wp-json\/wp\/v2\/users\/4"}],"replies":[{"embeddable":true,"href":"https:\/\/migracao.redenoticia.com.br\/noticia\/wp-json\/wp\/v2\/comments?post=211264"}],"version-history":[{"count":0,"href":"https:\/\/migracao.redenoticia.com.br\/noticia\/wp-json\/wp\/v2\/posts\/211264\/revisions"}],"wp:featuredmedia":[{"embeddable":true,"href":"https:\/\/migracao.redenoticia.com.br\/noticia\/wp-json\/wp\/v2\/media\/206992"}],"wp:attachment":[{"href":"https:\/\/migracao.redenoticia.com.br\/noticia\/wp-json\/wp\/v2\/media?parent=211264"}],"wp:term":[{"taxonomy":"category","embeddable":true,"href":"https:\/\/migracao.redenoticia.com.br\/noticia\/wp-json\/wp\/v2\/categories?post=211264"},{"taxonomy":"post_tag","embeddable":true,"href":"https:\/\/migracao.redenoticia.com.br\/noticia\/wp-json\/wp\/v2\/tags?post=211264"}],"curies":[{"name":"wp","href":"https:\/\/api.w.org\/{rel}","templated":true}]}}