{"id":211307,"date":"2021-10-10T17:52:31","date_gmt":"2021-10-10T20:52:31","guid":{"rendered":"https:\/\/www.redenoticia.com.br\/noticia\/?p=211307"},"modified":"2021-10-10T17:52:31","modified_gmt":"2021-10-10T20:52:31","slug":"resumo-imperio-11-10-jose-alfredo-expulsa-silviano-da-mansao","status":"publish","type":"post","link":"https:\/\/migracao.redenoticia.com.br\/noticia\/2021\/resumo-imperio-11-10-jose-alfredo-expulsa-silviano-da-mansao\/211307","title":{"rendered":"Resumo \u201cImp\u00e9rio\u201d 11\/10: Jos\u00e9 Alfredo expulsa Silviano da mans\u00e3o"},"content":{"rendered":"<p> <img loading=\"lazy\" decoding=\"async\" class=\"aligncenter size-full wp-image-205063\" src=\"https:\/\/migracao.redenoticia.com.br\/noticia\/imagens\/novela-imperio-resumo-elenco.jpeg\" alt=\"\" width=\"1280\" height=\"720\" srcset=\"https:\/\/migracao.redenoticia.com.br\/noticia\/imagens\/novela-imperio-resumo-elenco.jpeg 1280w, https:\/\/migracao.redenoticia.com.br\/noticia\/imagens\/novela-imperio-resumo-elenco-250x140.jpeg 250w, https:\/\/migracao.redenoticia.com.br\/noticia\/imagens\/novela-imperio-resumo-elenco-400x225.jpeg 400w, https:\/\/migracao.redenoticia.com.br\/noticia\/imagens\/novela-imperio-resumo-elenco-768x432.jpeg 768w, https:\/\/migracao.redenoticia.com.br\/noticia\/imagens\/novela-imperio-resumo-elenco-150x85.jpeg 150w\" sizes=\"auto, (max-width: 1280px) 100vw, 1280px\" \/><\/p>\n<p><em><strong>Resumo novela \u201cImp\u00e9rio\u201d<\/strong><\/em> em 11\/10: no cap\u00edtulo 157(*) da novela, Jos\u00e9 Alfredo diz a Cristina que acredita que Silviano seja Fabr\u00edcio Melga\u00e7o. Jos\u00e9 Pedro acredita ter conseguido o apoio de Maria Clara para interceder por ele e Merival junto a Jos\u00e9 Alfredo. Maria Marta estranha a aus\u00eancia de Silviano. Maria Clara revela para Jos\u00e9 Pedro que Maria Marta confirmou que foi casada com o mordomo. Maria Clara alerta o pai sobre a uni\u00e3o entre Merival e Jos\u00e9 Pedro.<\/p>\n<p>T\u00e9o confessa seu amor por Cl\u00e1udio para \u00c9rika. Jos\u00e9 Alfredo afirma a Maria Marta que Silviano pode ser seu inimigo. X\u00eania arma contra Juliane. Elivaldo discute com Tuane. Zez\u00e9 ouve quando Du e Jo\u00e3o Lucas comentam sobre Silviano. T\u00e9o visita Cl\u00e1udio. Xana decide convidar Ant\u00f4nio para morar com ele e Nan\u00e1. Cora demonstra descontrole para Cristina ao falar de Jos\u00e9 Alfredo. Jos\u00e9 Alfredo expulsa Silviano da mans\u00e3o.<\/p>\n<p>(*) edi\u00e7\u00e3o das novelas da Globo, \u201cImp\u00e9rio\u201d, sujeito a altera\u00e7\u00e3o de data e conte\u00fado.<\/p>\n<p>Sinopse Novela &#8220;Imp\u00e9rio&#8221;: hist\u00f3ria do pernambucano Jos\u00e9 Alfredo de Medeiros (Chay Suede\/Alexandre Nero), o homem de preto. Dono de uma rede de joalherias, o Comendador tem tr\u00eas filhos com a aristocrata falida Maria Marta Mendon\u00e7a e Albuquerque (Adriana Birolli\/Lilia Cabral): Jos\u00e9 Pedro (Caio Blat), Maria Clara (Andreia Horta) e Jo\u00e3o Lucas (Daniel Rocha). Os tr\u00eas disputam a heran\u00e7a da empresa constru\u00edda pelo pai. <\/p>\n","protected":false},"excerpt":{"rendered":"<p>Resumo novela \u201cImp\u00e9rio\u201d em 11\/10: no cap\u00edtulo 157(*) da novela, Jos\u00e9 Alfredo diz a Cristina que acredita que Silviano seja Fabr\u00edcio Melga\u00e7o. Jos\u00e9 Pedro acredita ter conseguido o apoio de Maria Clara para interceder por ele e Merival junto a Jos\u00e9 Alfredo. Maria Marta estranha a aus\u00eancia de Silviano. Maria Clara revela para Jos\u00e9 Pedro [&hellip;]<\/p>\n","protected":false},"author":2,"featured_media":205061,"comment_status":"closed","ping_status":"closed","sticky":false,"template":"","format":"standard","meta":{"tdm_status":"","tdm_grid_status":"","footnotes":""},"categories":[2196,379,375,2025,343],"tags":[441],"class_list":{"0":"post-211307","1":"post","2":"type-post","3":"status-publish","4":"format-standard","5":"has-post-thumbnail","7":"category-imperio","8":"category-novelas","9":"category-rede-globo","10":"category-resumo","11":"category-televisao","12":"tag-resumo-do-dia"},"_links":{"self":[{"href":"https:\/\/migracao.redenoticia.com.br\/noticia\/wp-json\/wp\/v2\/posts\/211307","targetHints":{"allow":["GET"]}}],"collection":[{"href":"https:\/\/migracao.redenoticia.com.br\/noticia\/wp-json\/wp\/v2\/posts"}],"about":[{"href":"https:\/\/migracao.redenoticia.com.br\/noticia\/wp-json\/wp\/v2\/types\/post"}],"author":[{"embeddable":true,"href":"https:\/\/migracao.redenoticia.com.br\/noticia\/wp-json\/wp\/v2\/users\/2"}],"replies":[{"embeddable":true,"href":"https:\/\/migracao.redenoticia.com.br\/noticia\/wp-json\/wp\/v2\/comments?post=211307"}],"version-history":[{"count":0,"href":"https:\/\/migracao.redenoticia.com.br\/noticia\/wp-json\/wp\/v2\/posts\/211307\/revisions"}],"wp:featuredmedia":[{"embeddable":true,"href":"https:\/\/migracao.redenoticia.com.br\/noticia\/wp-json\/wp\/v2\/media\/205061"}],"wp:attachment":[{"href":"https:\/\/migracao.redenoticia.com.br\/noticia\/wp-json\/wp\/v2\/media?parent=211307"}],"wp:term":[{"taxonomy":"category","embeddable":true,"href":"https:\/\/migracao.redenoticia.com.br\/noticia\/wp-json\/wp\/v2\/categories?post=211307"},{"taxonomy":"post_tag","embeddable":true,"href":"https:\/\/migracao.redenoticia.com.br\/noticia\/wp-json\/wp\/v2\/tags?post=211307"}],"curies":[{"name":"wp","href":"https:\/\/api.w.org\/{rel}","templated":true}]}}