{"id":211326,"date":"2021-10-11T20:38:41","date_gmt":"2021-10-11T23:38:41","guid":{"rendered":"https:\/\/www.redenoticia.com.br\/noticia\/?p=211326"},"modified":"2021-10-11T20:38:41","modified_gmt":"2021-10-11T23:38:41","slug":"resumo-imperio-12-10-cora-ouve-a-conversa-entre-maurilio-e-marcao","status":"publish","type":"post","link":"https:\/\/migracao.redenoticia.com.br\/noticia\/2021\/resumo-imperio-12-10-cora-ouve-a-conversa-entre-maurilio-e-marcao\/211326","title":{"rendered":"Resumo \u201cImp\u00e9rio\u201d 12\/10: Cora ouve a conversa entre Maur\u00edlio e Marc\u00e3o"},"content":{"rendered":"<p><img loading=\"lazy\" decoding=\"async\" class=\"aligncenter size-full wp-image-205063\" src=\"https:\/\/migracao.redenoticia.com.br\/noticia\/imagens\/novela-imperio-resumo-elenco.jpeg\" alt=\"\" width=\"1280\" height=\"720\" srcset=\"https:\/\/migracao.redenoticia.com.br\/noticia\/imagens\/novela-imperio-resumo-elenco.jpeg 1280w, https:\/\/migracao.redenoticia.com.br\/noticia\/imagens\/novela-imperio-resumo-elenco-250x140.jpeg 250w, https:\/\/migracao.redenoticia.com.br\/noticia\/imagens\/novela-imperio-resumo-elenco-400x225.jpeg 400w, https:\/\/migracao.redenoticia.com.br\/noticia\/imagens\/novela-imperio-resumo-elenco-768x432.jpeg 768w, https:\/\/migracao.redenoticia.com.br\/noticia\/imagens\/novela-imperio-resumo-elenco-150x85.jpeg 150w\" sizes=\"auto, (max-width: 1280px) 100vw, 1280px\" \/><\/p>\n<p><em><strong>Resumo novela \u201cImp\u00e9rio\u201d<\/strong><\/em> em 12\/10: no cap\u00edtulo 158(*) da novela, Silviano confronta e ofende Jos\u00e9 Alfredo. Maria Marta defende Silviano e Maria Clara questiona a m\u00e3e. X\u00eania troca os sapatos de Juliane. Atrav\u00e9s da c\u00e2mera instalada na sala de Jos\u00e9 Alfredo, Maur\u00edlio ouve quando o Comendador afirma que o denunciar\u00e1 \u00e0 pol\u00edcia. Elivaldo e Tuane se reconciliam. Maur\u00edlio se prepara para atirar contra Jos\u00e9 Alfredo. Silviano deixa a mans\u00e3o. Maur\u00edlio liga para Marc\u00e3o.<\/p>\n<p>Amanda presenteia Juliane com sand\u00e1lias novas e Antoninho permite que a sambista as use no desfile. X\u00eania se irrita com o fracasso de seu plano. Cora ouve a conversa entre Maur\u00edlio e Marc\u00e3o e tenta alertar Jos\u00e9 Alfredo que ele corre risco de morte, mas o Comendador n\u00e3o lhe d\u00e1 aten\u00e7\u00e3o. Manoel e Kelly se aproximam. Enrico e Beatriz comunicam a Cl\u00e1udio que ele ter\u00e1 alta do hospital. Elivaldo, Tuane e Cristina estranham a aus\u00eancia de Cora.<\/p>\n<p>(*) edi\u00e7\u00e3o das novelas da Globo, \u201cImp\u00e9rio\u201d, sujeito a altera\u00e7\u00e3o de data e conte\u00fado.<\/p>\n<p>Sinopse Novela &#8220;Imp\u00e9rio&#8221;: hist\u00f3ria do pernambucano Jos\u00e9 Alfredo de Medeiros (Chay Suede\/Alexandre Nero), o homem de preto. Dono de uma rede de joalherias, o Comendador tem tr\u00eas filhos com a aristocrata falida Maria Marta Mendon\u00e7a e Albuquerque (Adriana Birolli\/Lilia Cabral): Jos\u00e9 Pedro (Caio Blat), Maria Clara (Andreia Horta) e Jo\u00e3o Lucas (Daniel Rocha). Os tr\u00eas disputam a heran\u00e7a da empresa constru\u00edda pelo pai. <\/p>\n","protected":false},"excerpt":{"rendered":"<p>Resumo novela \u201cImp\u00e9rio\u201d em 12\/10: no cap\u00edtulo 158(*) da novela, Silviano confronta e ofende Jos\u00e9 Alfredo. Maria Marta defende Silviano e Maria Clara questiona a m\u00e3e. X\u00eania troca os sapatos de Juliane. Atrav\u00e9s da c\u00e2mera instalada na sala de Jos\u00e9 Alfredo, Maur\u00edlio ouve quando o Comendador afirma que o denunciar\u00e1 \u00e0 pol\u00edcia. Elivaldo e Tuane [&hellip;]<\/p>\n","protected":false},"author":2,"featured_media":205061,"comment_status":"closed","ping_status":"closed","sticky":false,"template":"","format":"standard","meta":{"tdm_status":"","tdm_grid_status":"","footnotes":""},"categories":[2196,379,375,2025,343],"tags":[441],"class_list":{"0":"post-211326","1":"post","2":"type-post","3":"status-publish","4":"format-standard","5":"has-post-thumbnail","7":"category-imperio","8":"category-novelas","9":"category-rede-globo","10":"category-resumo","11":"category-televisao","12":"tag-resumo-do-dia"},"_links":{"self":[{"href":"https:\/\/migracao.redenoticia.com.br\/noticia\/wp-json\/wp\/v2\/posts\/211326","targetHints":{"allow":["GET"]}}],"collection":[{"href":"https:\/\/migracao.redenoticia.com.br\/noticia\/wp-json\/wp\/v2\/posts"}],"about":[{"href":"https:\/\/migracao.redenoticia.com.br\/noticia\/wp-json\/wp\/v2\/types\/post"}],"author":[{"embeddable":true,"href":"https:\/\/migracao.redenoticia.com.br\/noticia\/wp-json\/wp\/v2\/users\/2"}],"replies":[{"embeddable":true,"href":"https:\/\/migracao.redenoticia.com.br\/noticia\/wp-json\/wp\/v2\/comments?post=211326"}],"version-history":[{"count":0,"href":"https:\/\/migracao.redenoticia.com.br\/noticia\/wp-json\/wp\/v2\/posts\/211326\/revisions"}],"wp:featuredmedia":[{"embeddable":true,"href":"https:\/\/migracao.redenoticia.com.br\/noticia\/wp-json\/wp\/v2\/media\/205061"}],"wp:attachment":[{"href":"https:\/\/migracao.redenoticia.com.br\/noticia\/wp-json\/wp\/v2\/media?parent=211326"}],"wp:term":[{"taxonomy":"category","embeddable":true,"href":"https:\/\/migracao.redenoticia.com.br\/noticia\/wp-json\/wp\/v2\/categories?post=211326"},{"taxonomy":"post_tag","embeddable":true,"href":"https:\/\/migracao.redenoticia.com.br\/noticia\/wp-json\/wp\/v2\/tags?post=211326"}],"curies":[{"name":"wp","href":"https:\/\/api.w.org\/{rel}","templated":true}]}}