{"id":211334,"date":"2021-10-11T20:35:18","date_gmt":"2021-10-11T23:35:18","guid":{"rendered":"https:\/\/www.redenoticia.com.br\/noticia\/?p=211334"},"modified":"2021-10-11T20:35:18","modified_gmt":"2021-10-11T23:35:18","slug":"resumo-coracao-indomavel-12-10-perico-sente-um-pouco-de-rancor-de-natasha","status":"publish","type":"post","link":"https:\/\/migracao.redenoticia.com.br\/noticia\/2021\/resumo-coracao-indomavel-12-10-perico-sente-um-pouco-de-rancor-de-natasha\/211334","title":{"rendered":"Resumo &#8220;Cora\u00e7\u00e3o Indom\u00e1vel&#8221; 12\/10: Perico sente um pouco de rancor de Natasha"},"content":{"rendered":"<p><img loading=\"lazy\" decoding=\"async\" class=\"aligncenter size-full wp-image-206134\" src=\"https:\/\/migracao.redenoticia.com.br\/noticia\/imagens\/coracao-indomavel-resumo-novela-elenco.jpeg\" alt=\"\" width=\"1280\" height=\"720\" srcset=\"https:\/\/migracao.redenoticia.com.br\/noticia\/imagens\/coracao-indomavel-resumo-novela-elenco.jpeg 1280w, https:\/\/migracao.redenoticia.com.br\/noticia\/imagens\/coracao-indomavel-resumo-novela-elenco-250x140.jpeg 250w, https:\/\/migracao.redenoticia.com.br\/noticia\/imagens\/coracao-indomavel-resumo-novela-elenco-400x225.jpeg 400w, https:\/\/migracao.redenoticia.com.br\/noticia\/imagens\/coracao-indomavel-resumo-novela-elenco-768x432.jpeg 768w, https:\/\/migracao.redenoticia.com.br\/noticia\/imagens\/coracao-indomavel-resumo-novela-elenco-150x85.jpeg 150w\" sizes=\"auto, (max-width: 1280px) 100vw, 1280px\" \/><\/p>\n<p><strong><em>Resumo da novela &#8220;Cora\u00e7\u00e3o Indom\u00e1vel&#8221;<\/em><\/strong> em 12\/10: no cap\u00edtulo 101(*) da novela, Maricruz pergunta a Perico se ele gostaria de viver para sempre junto a Natasha. Ot\u00e1vio diz a Miguel que tentar\u00e1 com que Simone mude de ideia quanto ao div\u00f3rcio. Perico diz a Maricruz que sente um pouco de rancor de Natasha. \u00c1lvaro diz a Roman que devem falar com os executivos das empresas de minera\u00e7\u00e3o sobre a desapropria\u00e7\u00e3o do realengo e da fazenda de Maricruz. S<\/p>\n<p>imone esconde sua condi\u00e7\u00e3o de ter perdido a vis\u00e3o de um olho. \u00c1lvaro prop\u00f5e a Maricruz que contrate um advogado e lute para n\u00e3o perder suas terras, ainda que isso custe o emprego dele pr\u00f3prio. Maricruz o questiona sobre seu interesse em ajud\u00e1-la, Alvaro diz que apenas quer que ela se sinta protegida, Maricruz fica com uma boa impress\u00e3o de \u00c1lvaro. Jos\u00e9 Antonio diz a Simone que tem um neg\u00f3cio para oferecer-lhe. Santa diz a Maricruz que Mudinha tem se negado a tomar seus rem\u00e9dios se n\u00e3o for Perico, que os de. Jos\u00e9 Antonio pede a Simone que o permita viver junto a Esther em sua fazenda.<\/p>\n<p>Simone diz que ali ele n\u00e3o poderia roubar como fez com Maricruz. Simone pergunta a Jos\u00e9 Antonio se ele sabe se Ot\u00e1vio e Maricruz s\u00e3o amantes. Maricruz diz a Jaime que em breve eles ser\u00e3o desalojados e o prop\u00f5e que lutem juntos para que isso n\u00e3o ocorra. Simone aceita os servi\u00e7os de Jos\u00e9 Antonio, e o diz que quando ocorrer o despejo de Maricruz, ele dever\u00e1 vigiar os movimentos de Ot\u00e1vio. Na fazenda de Simone, Ot\u00e1vio culpa Jos\u00e9 Ant\u00f4nio pelos roubos que Maricruz sofreu. Jos\u00e9 Antonio diz a Esther que vigie Ot\u00e1vio. Of\u00e9lia diz a Ot\u00e1vio e Miguel que Simone n\u00e3o quer comer com eles, Ot\u00e1vio pede que ela diga a Simone que se ela n\u00e3o vier, ele ir\u00e1 embora para sempre da casa. Simone diz a Ot\u00e1vio que est\u00e1 ficando cega. Jos\u00e9 Antonio teme que haja relatos de seus roubos a Maricruz. Maricruz pede a Morais que n\u00e3o se oponha a sua luta para defender a fazenda.<\/p>\n<p>(*) edi\u00e7\u00e3o das novelas do SBT, &#8220;Cora\u00e7\u00e3o Indom\u00e1vel&#8221;, sujeito a altera\u00e7\u00e3o de data e conte\u00fado.<\/p>\n<p>Sinopse &#8220;Cora\u00e7\u00e3o Indom\u00e1vel&#8221;: A novela conta a hist\u00f3ria da pobre Maricruz que, ap\u00f3s ter sido abandonada pelo marido, decide se vingar daqueles que a humilharam. Ela descobre ser filha de um homem rico, tornando-se uma mulher da alta sociedade.<\/p>\n","protected":false},"excerpt":{"rendered":"<p>Resumo da novela &#8220;Cora\u00e7\u00e3o Indom\u00e1vel&#8221; em 12\/10: no cap\u00edtulo 101(*) da novela, Maricruz pergunta a Perico se ele gostaria de viver para sempre junto a Natasha. Ot\u00e1vio diz a Miguel que tentar\u00e1 com que Simone mude de ideia quanto ao div\u00f3rcio. Perico diz a Maricruz que sente um pouco de rancor de Natasha. \u00c1lvaro diz [&hellip;]<\/p>\n","protected":false},"author":2,"featured_media":206133,"comment_status":"closed","ping_status":"closed","sticky":false,"template":"","format":"standard","meta":{"tdm_status":"","tdm_grid_status":"","footnotes":""},"categories":[2200,379,2025,372,343],"tags":[441],"class_list":{"0":"post-211334","1":"post","2":"type-post","3":"status-publish","4":"format-standard","5":"has-post-thumbnail","7":"category-coracao-indomavel","8":"category-novelas","9":"category-resumo","10":"category-sbt","11":"category-televisao","12":"tag-resumo-do-dia"},"_links":{"self":[{"href":"https:\/\/migracao.redenoticia.com.br\/noticia\/wp-json\/wp\/v2\/posts\/211334","targetHints":{"allow":["GET"]}}],"collection":[{"href":"https:\/\/migracao.redenoticia.com.br\/noticia\/wp-json\/wp\/v2\/posts"}],"about":[{"href":"https:\/\/migracao.redenoticia.com.br\/noticia\/wp-json\/wp\/v2\/types\/post"}],"author":[{"embeddable":true,"href":"https:\/\/migracao.redenoticia.com.br\/noticia\/wp-json\/wp\/v2\/users\/2"}],"replies":[{"embeddable":true,"href":"https:\/\/migracao.redenoticia.com.br\/noticia\/wp-json\/wp\/v2\/comments?post=211334"}],"version-history":[{"count":0,"href":"https:\/\/migracao.redenoticia.com.br\/noticia\/wp-json\/wp\/v2\/posts\/211334\/revisions"}],"wp:featuredmedia":[{"embeddable":true,"href":"https:\/\/migracao.redenoticia.com.br\/noticia\/wp-json\/wp\/v2\/media\/206133"}],"wp:attachment":[{"href":"https:\/\/migracao.redenoticia.com.br\/noticia\/wp-json\/wp\/v2\/media?parent=211334"}],"wp:term":[{"taxonomy":"category","embeddable":true,"href":"https:\/\/migracao.redenoticia.com.br\/noticia\/wp-json\/wp\/v2\/categories?post=211334"},{"taxonomy":"post_tag","embeddable":true,"href":"https:\/\/migracao.redenoticia.com.br\/noticia\/wp-json\/wp\/v2\/tags?post=211334"}],"curies":[{"name":"wp","href":"https:\/\/api.w.org\/{rel}","templated":true}]}}