{"id":211335,"date":"2021-10-11T20:36:36","date_gmt":"2021-10-11T23:36:36","guid":{"rendered":"https:\/\/www.redenoticia.com.br\/noticia\/?p=211335"},"modified":"2021-10-11T20:36:36","modified_gmt":"2021-10-11T23:36:36","slug":"resumo-te-dou-a-vida-12-10-ernesto-propoe-a-elena-morar-nos-estados-unidos","status":"publish","type":"post","link":"https:\/\/migracao.redenoticia.com.br\/noticia\/2021\/resumo-te-dou-a-vida-12-10-ernesto-propoe-a-elena-morar-nos-estados-unidos\/211335","title":{"rendered":"Resumo &#8220;Te dou a vida&#8221; 12\/10: Ernesto prop\u00f5e a Elena morar nos Estados Unidos"},"content":{"rendered":"<p><img loading=\"lazy\" decoding=\"async\" class=\"aligncenter size-full wp-image-210432\" src=\"https:\/\/migracao.redenoticia.com.br\/noticia\/imagens\/te-dou-a-vida-elenco-personagem-novela-resumo.jpeg\" alt=\"\" width=\"1280\" height=\"720\" srcset=\"https:\/\/migracao.redenoticia.com.br\/noticia\/imagens\/te-dou-a-vida-elenco-personagem-novela-resumo.jpeg 1280w, https:\/\/migracao.redenoticia.com.br\/noticia\/imagens\/te-dou-a-vida-elenco-personagem-novela-resumo-250x140.jpeg 250w, https:\/\/migracao.redenoticia.com.br\/noticia\/imagens\/te-dou-a-vida-elenco-personagem-novela-resumo-400x225.jpeg 400w, https:\/\/migracao.redenoticia.com.br\/noticia\/imagens\/te-dou-a-vida-elenco-personagem-novela-resumo-768x432.jpeg 768w, https:\/\/migracao.redenoticia.com.br\/noticia\/imagens\/te-dou-a-vida-elenco-personagem-novela-resumo-150x85.jpeg 150w\" sizes=\"auto, (max-width: 1280px) 100vw, 1280px\" \/><\/p>\n<p><strong><em>Resumo da novela &#8220;Te dou a vida&#8221;<\/em><\/strong> em 12\/10: no cap\u00edtulo 017(*) da novela, Andrea conversa com Hor\u00e1cio e conta que sua filha est\u00e1 se apaixonando por Pedro, por isso seu pai decide conversar com Elena.<\/p>\n<p>Elena cita Pedro em um caf\u00e9 e afirma que eles deveriam se mudar, pois ela n\u00e3o \u00e9 capaz de sacrificar sua fam\u00edlia pelo que sente por ele. Pedro fica muito triste e decide continuar com o casamento.<\/p>\n<p>Ernesto prop\u00f5e a Elena que eles v\u00e3o morar nos Estados Unidos por um tempo e ela n\u00e3o se op\u00f5e. Samuel fica muito intrigado porque Rosa desaparece de um momento para o outro e tenta buscar a ajuda de Gabriela, sua amiga.<\/p>\n<p>Irene est\u00e1 desesperada com a decis\u00e3o de Elena de continuar com seu casamento, pois a cada dia a mulher sente amor pelo cunhado e n\u00e3o sabe mais como separ\u00e1-lo da irm\u00e3.<\/p>\n<p>(*) edi\u00e7\u00e3o das novelas do SBT, &#8220;Te dou a vida&#8221;, sujeito a altera\u00e7\u00e3o de data e conte\u00fado.<\/p>\n<p>Sinopse &#8220;Te dou a vida&#8221;: Nicol\u00e1s (Leonardo Herrera) \u00e9 um garoto de apenas seis anos de idade que padece de leucemia, e necessita de um transplante de medula. Elena (Eva Cede\u00f1o) e Ernesto (Jorge Salinas) s\u00e3o um casal e pais adotivos do menino. Diante da situa\u00e7\u00e3o, o casal decide ir atr\u00e1s do pai biol\u00f3gico da crian\u00e7a, Pedro (Jos\u00e9 Ron). Ele ficar\u00e1 comovido ao conhecer o filho e se aproximar\u00e1 dele e da m\u00e3e adotiva de uma forma muito especial.<\/p>\n","protected":false},"excerpt":{"rendered":"<p>Resumo da novela &#8220;Te dou a vida&#8221; em 12\/10: no cap\u00edtulo 017(*) da novela, Andrea conversa com Hor\u00e1cio e conta que sua filha est\u00e1 se apaixonando por Pedro, por isso seu pai decide conversar com Elena. Elena cita Pedro em um caf\u00e9 e afirma que eles deveriam se mudar, pois ela n\u00e3o \u00e9 capaz de [&hellip;]<\/p>\n","protected":false},"author":2,"featured_media":210433,"comment_status":"closed","ping_status":"closed","sticky":false,"template":"","format":"standard","meta":{"tdm_status":"","tdm_grid_status":"","footnotes":""},"categories":[379,2025,372,2220,343],"tags":[441],"class_list":{"0":"post-211335","1":"post","2":"type-post","3":"status-publish","4":"format-standard","5":"has-post-thumbnail","7":"category-novelas","8":"category-resumo","9":"category-sbt","10":"category-te-dou-a-vida","11":"category-televisao","12":"tag-resumo-do-dia"},"_links":{"self":[{"href":"https:\/\/migracao.redenoticia.com.br\/noticia\/wp-json\/wp\/v2\/posts\/211335","targetHints":{"allow":["GET"]}}],"collection":[{"href":"https:\/\/migracao.redenoticia.com.br\/noticia\/wp-json\/wp\/v2\/posts"}],"about":[{"href":"https:\/\/migracao.redenoticia.com.br\/noticia\/wp-json\/wp\/v2\/types\/post"}],"author":[{"embeddable":true,"href":"https:\/\/migracao.redenoticia.com.br\/noticia\/wp-json\/wp\/v2\/users\/2"}],"replies":[{"embeddable":true,"href":"https:\/\/migracao.redenoticia.com.br\/noticia\/wp-json\/wp\/v2\/comments?post=211335"}],"version-history":[{"count":0,"href":"https:\/\/migracao.redenoticia.com.br\/noticia\/wp-json\/wp\/v2\/posts\/211335\/revisions"}],"wp:featuredmedia":[{"embeddable":true,"href":"https:\/\/migracao.redenoticia.com.br\/noticia\/wp-json\/wp\/v2\/media\/210433"}],"wp:attachment":[{"href":"https:\/\/migracao.redenoticia.com.br\/noticia\/wp-json\/wp\/v2\/media?parent=211335"}],"wp:term":[{"taxonomy":"category","embeddable":true,"href":"https:\/\/migracao.redenoticia.com.br\/noticia\/wp-json\/wp\/v2\/categories?post=211335"},{"taxonomy":"post_tag","embeddable":true,"href":"https:\/\/migracao.redenoticia.com.br\/noticia\/wp-json\/wp\/v2\/tags?post=211335"}],"curies":[{"name":"wp","href":"https:\/\/api.w.org\/{rel}","templated":true}]}}