{"id":211348,"date":"2021-10-12T13:48:16","date_gmt":"2021-10-12T16:48:16","guid":{"rendered":"https:\/\/www.redenoticia.com.br\/noticia\/?p=211348"},"modified":"2021-10-12T13:48:16","modified_gmt":"2021-10-12T16:48:16","slug":"resumo-te-dou-a-vida-13-10-irene-procura-pedro","status":"publish","type":"post","link":"https:\/\/migracao.redenoticia.com.br\/noticia\/2021\/resumo-te-dou-a-vida-13-10-irene-procura-pedro\/211348","title":{"rendered":"Resumo &#8220;Te dou a vida&#8221; 13\/10: Irene procura Pedro"},"content":{"rendered":"<p><img loading=\"lazy\" decoding=\"async\" class=\"aligncenter size-full wp-image-210432\" src=\"https:\/\/migracao.redenoticia.com.br\/noticia\/imagens\/te-dou-a-vida-elenco-personagem-novela-resumo.jpeg\" alt=\"\" width=\"1280\" height=\"720\" srcset=\"https:\/\/migracao.redenoticia.com.br\/noticia\/imagens\/te-dou-a-vida-elenco-personagem-novela-resumo.jpeg 1280w, https:\/\/migracao.redenoticia.com.br\/noticia\/imagens\/te-dou-a-vida-elenco-personagem-novela-resumo-250x140.jpeg 250w, https:\/\/migracao.redenoticia.com.br\/noticia\/imagens\/te-dou-a-vida-elenco-personagem-novela-resumo-400x225.jpeg 400w, https:\/\/migracao.redenoticia.com.br\/noticia\/imagens\/te-dou-a-vida-elenco-personagem-novela-resumo-768x432.jpeg 768w, https:\/\/migracao.redenoticia.com.br\/noticia\/imagens\/te-dou-a-vida-elenco-personagem-novela-resumo-150x85.jpeg 150w\" sizes=\"auto, (max-width: 1280px) 100vw, 1280px\" \/><\/p>\n<p><strong><em>Resumo da novela &#8220;Te dou a vida&#8221;<\/em><\/strong> em 13\/10: no cap\u00edtulo 018(*) da novela, Samuel fica perplexo ao ver a atitude de Rosa, al\u00e9m disso, porque ela lhe disse que ele \u00e9 um jovem muito amargo. Samuel sai de casa e quase \u00e9 atropelado pelo namorado de Rosa, ent\u00e3o ele e Gabriela decidem correr atr\u00e1s do carro em v\u00e3o.<\/p>\n<p>Pedro chega na casa de Elena para se despedir de Nico e conversar com ela, mas recebe uma triste not\u00edcia quando ela confirma que n\u00e3o quer ficar perto dele ou que n\u00e3o vale a pena sacrificar seu casamento pelo que ela sente.<\/p>\n<p>Por outro lado, M\u00f3nica volta \u00e0 empresa e o advogado de Andrea fala com Hor\u00e1cio para lhe informar que a sua mulher quer uma percentagem dos seus neg\u00f3cios, ele diz-lhe que n\u00e3o aceita o neg\u00f3cio e que vai pedir o div\u00f3rcio.<\/p>\n<p>Irene quer impedir que Elena v\u00e1 com Ernesto para os Estados Unidos, por isso procura Pedro e pede que ele lute pelo amor que sente pela irm\u00e3.<\/p>\n<p>(*) edi\u00e7\u00e3o das novelas do SBT, &#8220;Te dou a vida&#8221;, sujeito a altera\u00e7\u00e3o de data e conte\u00fado.<\/p>\n<p>Sinopse &#8220;Te dou a vida&#8221;: Nicol\u00e1s (Leonardo Herrera) \u00e9 um garoto de apenas seis anos de idade que padece de leucemia, e necessita de um transplante de medula. Elena (Eva Cede\u00f1o) e Ernesto (Jorge Salinas) s\u00e3o um casal e pais adotivos do menino. Diante da situa\u00e7\u00e3o, o casal decide ir atr\u00e1s do pai biol\u00f3gico da crian\u00e7a, Pedro (Jos\u00e9 Ron). Ele ficar\u00e1 comovido ao conhecer o filho e se aproximar\u00e1 dele e da m\u00e3e adotiva de uma forma muito especial.<\/p>\n","protected":false},"excerpt":{"rendered":"<p>Resumo da novela &#8220;Te dou a vida&#8221; em 13\/10: no cap\u00edtulo 018(*) da novela, Samuel fica perplexo ao ver a atitude de Rosa, al\u00e9m disso, porque ela lhe disse que ele \u00e9 um jovem muito amargo. Samuel sai de casa e quase \u00e9 atropelado pelo namorado de Rosa, ent\u00e3o ele e Gabriela decidem correr atr\u00e1s [&hellip;]<\/p>\n","protected":false},"author":4,"featured_media":210433,"comment_status":"closed","ping_status":"closed","sticky":false,"template":"","format":"standard","meta":{"tdm_status":"","tdm_grid_status":"","footnotes":""},"categories":[379,2025,372,2220,343],"tags":[441],"class_list":{"0":"post-211348","1":"post","2":"type-post","3":"status-publish","4":"format-standard","5":"has-post-thumbnail","7":"category-novelas","8":"category-resumo","9":"category-sbt","10":"category-te-dou-a-vida","11":"category-televisao","12":"tag-resumo-do-dia"},"_links":{"self":[{"href":"https:\/\/migracao.redenoticia.com.br\/noticia\/wp-json\/wp\/v2\/posts\/211348","targetHints":{"allow":["GET"]}}],"collection":[{"href":"https:\/\/migracao.redenoticia.com.br\/noticia\/wp-json\/wp\/v2\/posts"}],"about":[{"href":"https:\/\/migracao.redenoticia.com.br\/noticia\/wp-json\/wp\/v2\/types\/post"}],"author":[{"embeddable":true,"href":"https:\/\/migracao.redenoticia.com.br\/noticia\/wp-json\/wp\/v2\/users\/4"}],"replies":[{"embeddable":true,"href":"https:\/\/migracao.redenoticia.com.br\/noticia\/wp-json\/wp\/v2\/comments?post=211348"}],"version-history":[{"count":0,"href":"https:\/\/migracao.redenoticia.com.br\/noticia\/wp-json\/wp\/v2\/posts\/211348\/revisions"}],"wp:featuredmedia":[{"embeddable":true,"href":"https:\/\/migracao.redenoticia.com.br\/noticia\/wp-json\/wp\/v2\/media\/210433"}],"wp:attachment":[{"href":"https:\/\/migracao.redenoticia.com.br\/noticia\/wp-json\/wp\/v2\/media?parent=211348"}],"wp:term":[{"taxonomy":"category","embeddable":true,"href":"https:\/\/migracao.redenoticia.com.br\/noticia\/wp-json\/wp\/v2\/categories?post=211348"},{"taxonomy":"post_tag","embeddable":true,"href":"https:\/\/migracao.redenoticia.com.br\/noticia\/wp-json\/wp\/v2\/tags?post=211348"}],"curies":[{"name":"wp","href":"https:\/\/api.w.org\/{rel}","templated":true}]}}