{"id":211350,"date":"2021-10-12T13:51:09","date_gmt":"2021-10-12T16:51:09","guid":{"rendered":"https:\/\/www.redenoticia.com.br\/noticia\/?p=211350"},"modified":"2021-10-12T13:51:09","modified_gmt":"2021-10-12T16:51:09","slug":"resumo-coracao-indomavel-13-10-maricruz-e-alvaro-passeiam-pelo-campo","status":"publish","type":"post","link":"https:\/\/migracao.redenoticia.com.br\/noticia\/2021\/resumo-coracao-indomavel-13-10-maricruz-e-alvaro-passeiam-pelo-campo\/211350","title":{"rendered":"Resumo &#8220;Cora\u00e7\u00e3o Indom\u00e1vel&#8221; 13\/10: Maricruz e \u00c1lvaro passeiam pelo campo"},"content":{"rendered":"<p><img loading=\"lazy\" decoding=\"async\" class=\"aligncenter size-full wp-image-206134\" src=\"https:\/\/migracao.redenoticia.com.br\/noticia\/imagens\/coracao-indomavel-resumo-novela-elenco.jpeg\" alt=\"\" width=\"1280\" height=\"720\" srcset=\"https:\/\/migracao.redenoticia.com.br\/noticia\/imagens\/coracao-indomavel-resumo-novela-elenco.jpeg 1280w, https:\/\/migracao.redenoticia.com.br\/noticia\/imagens\/coracao-indomavel-resumo-novela-elenco-250x140.jpeg 250w, https:\/\/migracao.redenoticia.com.br\/noticia\/imagens\/coracao-indomavel-resumo-novela-elenco-400x225.jpeg 400w, https:\/\/migracao.redenoticia.com.br\/noticia\/imagens\/coracao-indomavel-resumo-novela-elenco-768x432.jpeg 768w, https:\/\/migracao.redenoticia.com.br\/noticia\/imagens\/coracao-indomavel-resumo-novela-elenco-150x85.jpeg 150w\" sizes=\"auto, (max-width: 1280px) 100vw, 1280px\" \/><\/p>\n<p><strong><em>Resumo da novela &#8220;Cora\u00e7\u00e3o Indom\u00e1vel&#8221;<\/em><\/strong> em 13\/10: no cap\u00edtulo 102(*) da novela, Morais promete a Maricruz que n\u00e3o far\u00e1 obje\u00e7\u00f5es a sua luta para proteger a fazenda. Simone diz a Of\u00e9lia e Ot\u00e1vio que n\u00e3o est\u00e1 mais vendo nada, ele a esposa ao m\u00e9dico. Rivera diz a Santa que \u00e9 prov\u00e1vel que em suas andan\u00e7as pela fazenda, Maricruz acabe descobrindo os roubos de Jos\u00e9 Ant\u00f4nio. Miguel diz a Of\u00e9lia que a cegueira de Simone \u00e9 psicol\u00f3gica. O oftalmologista diz a Ot\u00e1vio que as dores que Simone sentiu na cabe\u00e7a podem ter afetado o nervo \u00f3ptico e que o dado pode ser irrevers\u00edvel.<\/p>\n<p>Santa aconselha Maricruz a casar novamente. Natasha diz a Jos\u00e9 Ant\u00f4nio que est\u00e1 apaixonada por ele. Ot\u00e1vio n\u00e3o quer se afastar de Simone pois desconfia que seu problema no c\u00e9rebro seja grave. Maricruz diz a Santa que est\u00e1 interessada em \u00c1lvaro. Maricruz e \u00c1lvaro passeiam pelo campo e provoca ci\u00fames em Jos\u00e9 Ant\u00f4nio. Ot\u00e1vio fica incomodado ao saber que Maricruz est\u00e1 namorando e vai procurar por ela.<\/p>\n<p>(*) edi\u00e7\u00e3o das novelas do SBT, &#8220;Cora\u00e7\u00e3o Indom\u00e1vel&#8221;, sujeito a altera\u00e7\u00e3o de data e conte\u00fado.<\/p>\n<p>Sinopse &#8220;Cora\u00e7\u00e3o Indom\u00e1vel&#8221;: A novela conta a hist\u00f3ria da pobre Maricruz que, ap\u00f3s ter sido abandonada pelo marido, decide se vingar daqueles que a humilharam. Ela descobre ser filha de um homem rico, tornando-se uma mulher da alta sociedade.<\/p>\n","protected":false},"excerpt":{"rendered":"<p>Resumo da novela &#8220;Cora\u00e7\u00e3o Indom\u00e1vel&#8221; em 13\/10: no cap\u00edtulo 102(*) da novela, Morais promete a Maricruz que n\u00e3o far\u00e1 obje\u00e7\u00f5es a sua luta para proteger a fazenda. Simone diz a Of\u00e9lia e Ot\u00e1vio que n\u00e3o est\u00e1 mais vendo nada, ele a esposa ao m\u00e9dico. Rivera diz a Santa que \u00e9 prov\u00e1vel que em suas andan\u00e7as [&hellip;]<\/p>\n","protected":false},"author":4,"featured_media":206133,"comment_status":"closed","ping_status":"closed","sticky":false,"template":"","format":"standard","meta":{"tdm_status":"","tdm_grid_status":"","footnotes":""},"categories":[2200,379,2025,372,343],"tags":[441],"class_list":{"0":"post-211350","1":"post","2":"type-post","3":"status-publish","4":"format-standard","5":"has-post-thumbnail","7":"category-coracao-indomavel","8":"category-novelas","9":"category-resumo","10":"category-sbt","11":"category-televisao","12":"tag-resumo-do-dia"},"_links":{"self":[{"href":"https:\/\/migracao.redenoticia.com.br\/noticia\/wp-json\/wp\/v2\/posts\/211350","targetHints":{"allow":["GET"]}}],"collection":[{"href":"https:\/\/migracao.redenoticia.com.br\/noticia\/wp-json\/wp\/v2\/posts"}],"about":[{"href":"https:\/\/migracao.redenoticia.com.br\/noticia\/wp-json\/wp\/v2\/types\/post"}],"author":[{"embeddable":true,"href":"https:\/\/migracao.redenoticia.com.br\/noticia\/wp-json\/wp\/v2\/users\/4"}],"replies":[{"embeddable":true,"href":"https:\/\/migracao.redenoticia.com.br\/noticia\/wp-json\/wp\/v2\/comments?post=211350"}],"version-history":[{"count":0,"href":"https:\/\/migracao.redenoticia.com.br\/noticia\/wp-json\/wp\/v2\/posts\/211350\/revisions"}],"wp:featuredmedia":[{"embeddable":true,"href":"https:\/\/migracao.redenoticia.com.br\/noticia\/wp-json\/wp\/v2\/media\/206133"}],"wp:attachment":[{"href":"https:\/\/migracao.redenoticia.com.br\/noticia\/wp-json\/wp\/v2\/media?parent=211350"}],"wp:term":[{"taxonomy":"category","embeddable":true,"href":"https:\/\/migracao.redenoticia.com.br\/noticia\/wp-json\/wp\/v2\/categories?post=211350"},{"taxonomy":"post_tag","embeddable":true,"href":"https:\/\/migracao.redenoticia.com.br\/noticia\/wp-json\/wp\/v2\/tags?post=211350"}],"curies":[{"name":"wp","href":"https:\/\/api.w.org\/{rel}","templated":true}]}}