{"id":211384,"date":"2021-10-13T13:24:16","date_gmt":"2021-10-13T16:24:16","guid":{"rendered":"https:\/\/www.redenoticia.com.br\/noticia\/?p=211384"},"modified":"2021-10-13T13:24:16","modified_gmt":"2021-10-13T16:24:16","slug":"resumo-carinha-de-anjo-14-10-juju-presenteia-zeca-com-uma-pulseira","status":"publish","type":"post","link":"https:\/\/migracao.redenoticia.com.br\/noticia\/2021\/resumo-carinha-de-anjo-14-10-juju-presenteia-zeca-com-uma-pulseira\/211384","title":{"rendered":"Resumo \u201cCarinha De Anjo\u201d 14\/10: Juju presenteia Zeca com uma pulseira"},"content":{"rendered":"<p><img loading=\"lazy\" decoding=\"async\" class=\"aligncenter size-full wp-image-210452\" src=\"https:\/\/migracao.redenoticia.com.br\/noticia\/imagens\/carinha-de-anjo-novela-sbt-elenco-infantil.jpeg\" alt=\"\" width=\"1280\" height=\"720\" srcset=\"https:\/\/migracao.redenoticia.com.br\/noticia\/imagens\/carinha-de-anjo-novela-sbt-elenco-infantil.jpeg 1280w, https:\/\/migracao.redenoticia.com.br\/noticia\/imagens\/carinha-de-anjo-novela-sbt-elenco-infantil-250x140.jpeg 250w, https:\/\/migracao.redenoticia.com.br\/noticia\/imagens\/carinha-de-anjo-novela-sbt-elenco-infantil-400x225.jpeg 400w, https:\/\/migracao.redenoticia.com.br\/noticia\/imagens\/carinha-de-anjo-novela-sbt-elenco-infantil-768x432.jpeg 768w, https:\/\/migracao.redenoticia.com.br\/noticia\/imagens\/carinha-de-anjo-novela-sbt-elenco-infantil-150x85.jpeg 150w\" sizes=\"auto, (max-width: 1280px) 100vw, 1280px\" \/><\/p>\n<p><strong><em>Resumo da novela \u201cCarinha De Anjo\u201d<\/em><\/strong> em 14\/10: no cap\u00edtulo 010(*) da novela, Juju diz para Zeca que ele estava um pouco travado no come\u00e7o do v\u00eddeo, mas que com o tempo isso melhora. Zeca entrega uma flor para Juju e diz que ela \u00e9 inesquec\u00edvel. Juju agradece o presente. Dulce Maria diz para Fabiana que quer come\u00e7ar logo o treinamento de Carat\u00ea. Em\u00edlio e Z\u00e9 Felipe entram na sala de m\u00fasica do col\u00e9gio e escutam Frida e B\u00e1rbara planejando fazer com que Dulce Maria caia na lama para parecer um porco.<\/p>\n<p>Gustavo leva Nicole ao cinema. Os meninos decidem que ir\u00e3o fazer algo para proteger Dulce. Fl\u00e1vio conta para Haydee que est\u00e3o na mis\u00e9ria total. Z\u00e9 Felipe esticar uma corda com ajuda de Em\u00edlio para que Frida e B\u00e1rbara caiam quando forem aprontar com Dulce Maria. O plano n\u00e3o d\u00e1 certo e quem trope\u00e7a \u00e9 a Madre Superiora. Frida diz para B\u00e1rbara que devem entregar os dois meninos, que sa\u00edram fugidos. Juju presenteia Zeca com uma pulseira e diz que quando ele estiver famoso n\u00e3o deve abandon\u00e1-la. Frida e B\u00e1rbara acusam Em\u00edlio e Z\u00e9 Felipe de ter derrubado ela de prop\u00f3sito.<\/p>\n<p>As duas dizem ainda que Dulce Maria teve a ideia e armou tudo com os garotos. A Madre Superiora conta para Rosana, In\u00e1cio e Diana sobre terem tentado derrub\u00e1-la. Irm\u00e3 Cec\u00edlia descobre que Irm\u00e3 Fabiana est\u00e1 ensinando Karat\u00ea para Dulce Maria. Em\u00edlio e Z\u00e9 Felipe contam para os pais que ficaram sabendo que Frida e B\u00e1rbara iriam aprontar com Dulce Maria. Irm\u00e3 Cec\u00edlia \u00e9 chamada pela Madre Superiora para averiguar se a carinha de anjo estava envolvida com a corda. Dulce fica irritada ao saber da mentira das meninas. Fl\u00e1vio rouba o colar da irm\u00e3, Nicole, para vender. A joia foi um presente de Gustavo. Nicole percebe a falta de seu colar e Haydee aconselha que a filha durma e procure no dia seguinte. Dulce Maria encontra Tereza em seus sonhos. Zeca v\u00ea como ficou seu v\u00eddeo editado de Juju e comemora.<\/p>\n<p>(*) edi\u00e7\u00e3o das novelas do SBT, \u201cCarinha De Anjo\u201d, sujeito a altera\u00e7\u00e3o de data e conte\u00fado.<\/p>\n<p>Sinopse \u201cCarinha De Anjo\u201d: Dulce Maria \u00e9 uma menina doce, ingenua, inteligente e alegre de 5 anos de idade. \u00c9 brincalhona, aventureira e extremamente curiosa. Diverte a todos com seus coment\u00e1rios e perguntas indiscretas e surpreende com suas descobertas.<\/p>\n<p>Ela \u00e9 filha \u00fanica de Gustavo L\u00e1rios (Carlo Porto), bem-sucedido empres\u00e1rio da cafeicultura brasileira, e da mexicana Teresa Rezende L\u00e1rios (Lucero), m\u00e3e acolhedora de s\u00e1bios conselhos e voz ador\u00e1vel, que faleceu num acidente quando Dulce Maria tinha apenas 3 anos de idade. Traumatizado com a trag\u00e9dia, Gustavo deixou a filha no col\u00e9gio interno.<\/p>\n","protected":false},"excerpt":{"rendered":"<p>Resumo da novela \u201cCarinha De Anjo\u201d em 14\/10: no cap\u00edtulo 010(*) da novela, Juju diz para Zeca que ele estava um pouco travado no come\u00e7o do v\u00eddeo, mas que com o tempo isso melhora. Zeca entrega uma flor para Juju e diz que ela \u00e9 inesquec\u00edvel. Juju agradece o presente. Dulce Maria diz para Fabiana [&hellip;]<\/p>\n","protected":false},"author":4,"featured_media":210453,"comment_status":"closed","ping_status":"closed","sticky":false,"template":"","format":"standard","meta":{"tdm_status":"","tdm_grid_status":"","footnotes":""},"categories":[452,379,2025,372,343],"tags":[441],"class_list":{"0":"post-211384","1":"post","2":"type-post","3":"status-publish","4":"format-standard","5":"has-post-thumbnail","7":"category-carinha-de-anjo","8":"category-novelas","9":"category-resumo","10":"category-sbt","11":"category-televisao","12":"tag-resumo-do-dia"},"_links":{"self":[{"href":"https:\/\/migracao.redenoticia.com.br\/noticia\/wp-json\/wp\/v2\/posts\/211384","targetHints":{"allow":["GET"]}}],"collection":[{"href":"https:\/\/migracao.redenoticia.com.br\/noticia\/wp-json\/wp\/v2\/posts"}],"about":[{"href":"https:\/\/migracao.redenoticia.com.br\/noticia\/wp-json\/wp\/v2\/types\/post"}],"author":[{"embeddable":true,"href":"https:\/\/migracao.redenoticia.com.br\/noticia\/wp-json\/wp\/v2\/users\/4"}],"replies":[{"embeddable":true,"href":"https:\/\/migracao.redenoticia.com.br\/noticia\/wp-json\/wp\/v2\/comments?post=211384"}],"version-history":[{"count":0,"href":"https:\/\/migracao.redenoticia.com.br\/noticia\/wp-json\/wp\/v2\/posts\/211384\/revisions"}],"wp:featuredmedia":[{"embeddable":true,"href":"https:\/\/migracao.redenoticia.com.br\/noticia\/wp-json\/wp\/v2\/media\/210453"}],"wp:attachment":[{"href":"https:\/\/migracao.redenoticia.com.br\/noticia\/wp-json\/wp\/v2\/media?parent=211384"}],"wp:term":[{"taxonomy":"category","embeddable":true,"href":"https:\/\/migracao.redenoticia.com.br\/noticia\/wp-json\/wp\/v2\/categories?post=211384"},{"taxonomy":"post_tag","embeddable":true,"href":"https:\/\/migracao.redenoticia.com.br\/noticia\/wp-json\/wp\/v2\/tags?post=211384"}],"curies":[{"name":"wp","href":"https:\/\/api.w.org\/{rel}","templated":true}]}}