{"id":211399,"date":"2021-10-13T13:35:07","date_gmt":"2021-10-13T16:35:07","guid":{"rendered":"https:\/\/www.redenoticia.com.br\/noticia\/?p=211399"},"modified":"2021-10-13T13:35:07","modified_gmt":"2021-10-13T16:35:07","slug":"resumo-imperio-14-10-cora-e-levada-ao-hospital","status":"publish","type":"post","link":"https:\/\/migracao.redenoticia.com.br\/noticia\/2021\/resumo-imperio-14-10-cora-e-levada-ao-hospital\/211399","title":{"rendered":"Resumo \u201cImp\u00e9rio\u201d 14\/10: Cora \u00e9 levada ao hospital"},"content":{"rendered":"<p><img loading=\"lazy\" decoding=\"async\" class=\"aligncenter size-full wp-image-205063\" src=\"https:\/\/migracao.redenoticia.com.br\/noticia\/imagens\/novela-imperio-resumo-elenco.jpeg\" alt=\"\" width=\"1280\" height=\"720\" srcset=\"https:\/\/migracao.redenoticia.com.br\/noticia\/imagens\/novela-imperio-resumo-elenco.jpeg 1280w, https:\/\/migracao.redenoticia.com.br\/noticia\/imagens\/novela-imperio-resumo-elenco-250x140.jpeg 250w, https:\/\/migracao.redenoticia.com.br\/noticia\/imagens\/novela-imperio-resumo-elenco-400x225.jpeg 400w, https:\/\/migracao.redenoticia.com.br\/noticia\/imagens\/novela-imperio-resumo-elenco-768x432.jpeg 768w, https:\/\/migracao.redenoticia.com.br\/noticia\/imagens\/novela-imperio-resumo-elenco-150x85.jpeg 150w\" sizes=\"auto, (max-width: 1280px) 100vw, 1280px\" \/><\/p>\n<p><em><strong>Resumo novela \u201cImp\u00e9rio\u201d<\/strong><\/em> em 14\/10: no cap\u00edtulo 160(*) da novela, Cristina e Elivaldo tentam acalmar Cora. Jos\u00e9 Alfredo demonstra preocupa\u00e7\u00e3o com Cora. Maur\u00edlio se irrita por causa do desfecho de seu plano. Cora tenta conversar com Cristina e Elivaldo. Come\u00e7a a apura\u00e7\u00e3o das notas das escolas de samba e os envolvidos ficam ansiosos. Ismael e Lorraine conversam sobre Silviano. Jos\u00e9 Alfredo desconfia que a pessoa que tentou mat\u00e1-lo seja o Fabr\u00edcio Melga\u00e7o. Danielle questiona Maur\u00edlio sobre o que ele fez no carnaval e ele se irrita.<\/p>\n<p>Enrico ajuda Cl\u00e1udio. Noely se insinua para Robert\u00e3o. Lorraine liga para \u00c9rika. Jos\u00e9 Alfredo pede um favor para Maria Marta. Carmen liga para Jonas. Maria Marta conversa com Maria Clara e Jo\u00e3o Lucas sobre Jos\u00e9 Pedro. Vicente vai ao hospital para saber not\u00edcias sobre Cora. Lorraine vai \u00e0 casa de Silviano. Cora balbucia algumas palavras no hospital.<\/p>\n<p>(*) edi\u00e7\u00e3o das novelas da Globo, \u201cImp\u00e9rio\u201d, sujeito a altera\u00e7\u00e3o de data e conte\u00fado.<\/p>\n<p>Sinopse Novela &#8220;Imp\u00e9rio&#8221;: hist\u00f3ria do pernambucano Jos\u00e9 Alfredo de Medeiros (Chay Suede\/Alexandre Nero), o homem de preto. Dono de uma rede de joalherias, o Comendador tem tr\u00eas filhos com a aristocrata falida Maria Marta Mendon\u00e7a e Albuquerque (Adriana Birolli\/Lilia Cabral): Jos\u00e9 Pedro (Caio Blat), Maria Clara (Andreia Horta) e Jo\u00e3o Lucas (Daniel Rocha). Os tr\u00eas disputam a heran\u00e7a da empresa constru\u00edda pelo pai.<\/p>\n","protected":false},"excerpt":{"rendered":"<p>Resumo novela \u201cImp\u00e9rio\u201d em 14\/10: no cap\u00edtulo 160(*) da novela, Cristina e Elivaldo tentam acalmar Cora. Jos\u00e9 Alfredo demonstra preocupa\u00e7\u00e3o com Cora. Maur\u00edlio se irrita por causa do desfecho de seu plano. Cora tenta conversar com Cristina e Elivaldo. Come\u00e7a a apura\u00e7\u00e3o das notas das escolas de samba e os envolvidos ficam ansiosos. Ismael e [&hellip;]<\/p>\n","protected":false},"author":4,"featured_media":205061,"comment_status":"closed","ping_status":"closed","sticky":false,"template":"","format":"standard","meta":{"tdm_status":"","tdm_grid_status":"","footnotes":""},"categories":[2196,379,375,2025,343],"tags":[441],"class_list":{"0":"post-211399","1":"post","2":"type-post","3":"status-publish","4":"format-standard","5":"has-post-thumbnail","7":"category-imperio","8":"category-novelas","9":"category-rede-globo","10":"category-resumo","11":"category-televisao","12":"tag-resumo-do-dia"},"_links":{"self":[{"href":"https:\/\/migracao.redenoticia.com.br\/noticia\/wp-json\/wp\/v2\/posts\/211399","targetHints":{"allow":["GET"]}}],"collection":[{"href":"https:\/\/migracao.redenoticia.com.br\/noticia\/wp-json\/wp\/v2\/posts"}],"about":[{"href":"https:\/\/migracao.redenoticia.com.br\/noticia\/wp-json\/wp\/v2\/types\/post"}],"author":[{"embeddable":true,"href":"https:\/\/migracao.redenoticia.com.br\/noticia\/wp-json\/wp\/v2\/users\/4"}],"replies":[{"embeddable":true,"href":"https:\/\/migracao.redenoticia.com.br\/noticia\/wp-json\/wp\/v2\/comments?post=211399"}],"version-history":[{"count":0,"href":"https:\/\/migracao.redenoticia.com.br\/noticia\/wp-json\/wp\/v2\/posts\/211399\/revisions"}],"wp:featuredmedia":[{"embeddable":true,"href":"https:\/\/migracao.redenoticia.com.br\/noticia\/wp-json\/wp\/v2\/media\/205061"}],"wp:attachment":[{"href":"https:\/\/migracao.redenoticia.com.br\/noticia\/wp-json\/wp\/v2\/media?parent=211399"}],"wp:term":[{"taxonomy":"category","embeddable":true,"href":"https:\/\/migracao.redenoticia.com.br\/noticia\/wp-json\/wp\/v2\/categories?post=211399"},{"taxonomy":"post_tag","embeddable":true,"href":"https:\/\/migracao.redenoticia.com.br\/noticia\/wp-json\/wp\/v2\/tags?post=211399"}],"curies":[{"name":"wp","href":"https:\/\/api.w.org\/{rel}","templated":true}]}}