{"id":211431,"date":"2021-10-14T15:11:45","date_gmt":"2021-10-14T18:11:45","guid":{"rendered":"https:\/\/www.redenoticia.com.br\/noticia\/?p=211431"},"modified":"2021-10-14T15:11:45","modified_gmt":"2021-10-14T18:11:45","slug":"resumo-te-dou-a-vida-15-10-gina-e-abandonada-no-altar","status":"publish","type":"post","link":"https:\/\/migracao.redenoticia.com.br\/noticia\/2021\/resumo-te-dou-a-vida-15-10-gina-e-abandonada-no-altar\/211431","title":{"rendered":"Resumo &#8220;Te dou a vida&#8221; 15\/10: Gina \u00e9 abandonada no altar"},"content":{"rendered":"<p><img loading=\"lazy\" decoding=\"async\" class=\"aligncenter size-full wp-image-210432\" src=\"https:\/\/migracao.redenoticia.com.br\/noticia\/imagens\/te-dou-a-vida-elenco-personagem-novela-resumo.jpeg\" alt=\"\" width=\"1280\" height=\"720\" srcset=\"https:\/\/migracao.redenoticia.com.br\/noticia\/imagens\/te-dou-a-vida-elenco-personagem-novela-resumo.jpeg 1280w, https:\/\/migracao.redenoticia.com.br\/noticia\/imagens\/te-dou-a-vida-elenco-personagem-novela-resumo-250x140.jpeg 250w, https:\/\/migracao.redenoticia.com.br\/noticia\/imagens\/te-dou-a-vida-elenco-personagem-novela-resumo-400x225.jpeg 400w, https:\/\/migracao.redenoticia.com.br\/noticia\/imagens\/te-dou-a-vida-elenco-personagem-novela-resumo-768x432.jpeg 768w, https:\/\/migracao.redenoticia.com.br\/noticia\/imagens\/te-dou-a-vida-elenco-personagem-novela-resumo-150x85.jpeg 150w\" sizes=\"auto, (max-width: 1280px) 100vw, 1280px\" \/><\/p>\n<p><strong><em>Resumo da novela &#8220;Te dou a vida&#8221;<\/em><\/strong> em 15\/10: no cap\u00edtulo 020(*) da novela, no altar, diante de todos os convidados, Pedro diz a Gina que n\u00e3o pode se casar com ela. Gina tem um ataque de nervos. Nelson fica furioso e Domingo passa mal e recrimina a atitude do filho. Vestida de noiva, Gina vai at\u00e9 \u00e0 casa de Helena e a culpa por ter sido abandonada no altar.<\/p>\n<p>Sem imaginar as inten\u00e7\u00f5es da irm\u00e3, Helena desabafa com Irene, que a aconselha a procurar Pedro. Ernesto, Helena e N\u00edcolas viajam para Houston.<\/p>\n<p>(*) edi\u00e7\u00e3o das novelas do SBT, &#8220;Te dou a vida&#8221;, sujeito a altera\u00e7\u00e3o de data e conte\u00fado.<\/p>\n<p>Sinopse &#8220;Te dou a vida&#8221;: Nicol\u00e1s (Leonardo Herrera) \u00e9 um garoto de apenas seis anos de idade que padece de leucemia, e necessita de um transplante de medula. Elena (Eva Cede\u00f1o) e Ernesto (Jorge Salinas) s\u00e3o um casal e pais adotivos do menino. Diante da situa\u00e7\u00e3o, o casal decide ir atr\u00e1s do pai biol\u00f3gico da crian\u00e7a, Pedro (Jos\u00e9 Ron). Ele ficar\u00e1 comovido ao conhecer o filho e se aproximar\u00e1 dele e da m\u00e3e adotiva de uma forma muito especial.<\/p>\n","protected":false},"excerpt":{"rendered":"<p>Resumo da novela &#8220;Te dou a vida&#8221; em 15\/10: no cap\u00edtulo 020(*) da novela, no altar, diante de todos os convidados, Pedro diz a Gina que n\u00e3o pode se casar com ela. Gina tem um ataque de nervos. Nelson fica furioso e Domingo passa mal e recrimina a atitude do filho. Vestida de noiva, Gina [&hellip;]<\/p>\n","protected":false},"author":4,"featured_media":210433,"comment_status":"closed","ping_status":"closed","sticky":false,"template":"","format":"standard","meta":{"tdm_status":"","tdm_grid_status":"","footnotes":""},"categories":[379,2025,372,2220,343],"tags":[441],"class_list":{"0":"post-211431","1":"post","2":"type-post","3":"status-publish","4":"format-standard","5":"has-post-thumbnail","7":"category-novelas","8":"category-resumo","9":"category-sbt","10":"category-te-dou-a-vida","11":"category-televisao","12":"tag-resumo-do-dia"},"_links":{"self":[{"href":"https:\/\/migracao.redenoticia.com.br\/noticia\/wp-json\/wp\/v2\/posts\/211431","targetHints":{"allow":["GET"]}}],"collection":[{"href":"https:\/\/migracao.redenoticia.com.br\/noticia\/wp-json\/wp\/v2\/posts"}],"about":[{"href":"https:\/\/migracao.redenoticia.com.br\/noticia\/wp-json\/wp\/v2\/types\/post"}],"author":[{"embeddable":true,"href":"https:\/\/migracao.redenoticia.com.br\/noticia\/wp-json\/wp\/v2\/users\/4"}],"replies":[{"embeddable":true,"href":"https:\/\/migracao.redenoticia.com.br\/noticia\/wp-json\/wp\/v2\/comments?post=211431"}],"version-history":[{"count":0,"href":"https:\/\/migracao.redenoticia.com.br\/noticia\/wp-json\/wp\/v2\/posts\/211431\/revisions"}],"wp:featuredmedia":[{"embeddable":true,"href":"https:\/\/migracao.redenoticia.com.br\/noticia\/wp-json\/wp\/v2\/media\/210433"}],"wp:attachment":[{"href":"https:\/\/migracao.redenoticia.com.br\/noticia\/wp-json\/wp\/v2\/media?parent=211431"}],"wp:term":[{"taxonomy":"category","embeddable":true,"href":"https:\/\/migracao.redenoticia.com.br\/noticia\/wp-json\/wp\/v2\/categories?post=211431"},{"taxonomy":"post_tag","embeddable":true,"href":"https:\/\/migracao.redenoticia.com.br\/noticia\/wp-json\/wp\/v2\/tags?post=211431"}],"curies":[{"name":"wp","href":"https:\/\/api.w.org\/{rel}","templated":true}]}}