{"id":211446,"date":"2021-10-14T15:20:10","date_gmt":"2021-10-14T18:20:10","guid":{"rendered":"https:\/\/www.redenoticia.com.br\/noticia\/?p=211446"},"modified":"2021-10-14T15:20:10","modified_gmt":"2021-10-14T18:20:10","slug":"novela-malhacao-sonhos-15-10-gael-volta-a-clinica-onde-ele-fez-o-exame-de-dna","status":"publish","type":"post","link":"https:\/\/migracao.redenoticia.com.br\/noticia\/2021\/novela-malhacao-sonhos-15-10-gael-volta-a-clinica-onde-ele-fez-o-exame-de-dna\/211446","title":{"rendered":"Novela &#8220;Malha\u00e7\u00e3o&#8221; Sonhos 15\/10: Gael volta \u00e0 cl\u00ednica onde ele fez o exame de DNA"},"content":{"rendered":"<p><img loading=\"lazy\" decoding=\"async\" class=\"aligncenter size-full wp-image-202688\" src=\"https:\/\/migracao.redenoticia.com.br\/noticia\/imagens\/malhacao-sonhos-elenco-protagonistas.jpg\" alt=\"\" width=\"1280\" height=\"720\" srcset=\"https:\/\/migracao.redenoticia.com.br\/noticia\/imagens\/malhacao-sonhos-elenco-protagonistas.jpg 1280w, https:\/\/migracao.redenoticia.com.br\/noticia\/imagens\/malhacao-sonhos-elenco-protagonistas-250x140.jpg 250w, https:\/\/migracao.redenoticia.com.br\/noticia\/imagens\/malhacao-sonhos-elenco-protagonistas-400x225.jpg 400w, https:\/\/migracao.redenoticia.com.br\/noticia\/imagens\/malhacao-sonhos-elenco-protagonistas-768x432.jpg 768w, https:\/\/migracao.redenoticia.com.br\/noticia\/imagens\/malhacao-sonhos-elenco-protagonistas-150x85.jpg 150w\" sizes=\"auto, (max-width: 1280px) 100vw, 1280px\" \/><\/p>\n<p><em><strong>Resumo da novela &#8220;Malha\u00e7\u00e3o&#8221; Sonhos<\/strong><\/em> em 15\/10: no cap\u00edtulo 189(*) da novela, Duca descobre que Dalva precisa operar<\/p>\n<p>Gael e Lob\u00e3o discutem e n\u00e3o veem Karina arrumar sua mochila. Z\u00e9, Marc\u00e3o e Sol visitam Dalva no hospital. Duca descobre que Dalva precisa fazer uma opera\u00e7\u00e3o de risco e que seu plano n\u00e3o cobre o procedimento. Ren\u00e9 vai com Gael \u00e0 cl\u00ednica onde ele fez o exame de DNA. Lob\u00e3o fala para Karina convidar Pedro para dormir em sua casa.<\/p>\n<p>Cobra chega para o ch\u00e1 na casa de Lucr\u00e9cia e ela se surpreende. Pedro fica apavorado com a casa de Lob\u00e3o e Karina acha gra\u00e7a. Heideguer oferece dinheiro emprestado para Duca. Lob\u00e3o chega em casa no momento em que Pedro tenta abrir uma gaveta.<\/p>\n<p>Lob\u00e3o empurra Duca<\/p>\n<p>Pedro fica apavorado com Lob\u00e3o. Jade fica com ci\u00fames de Cobra. Lob\u00e3o intimida Pedro para saber onde ele conseguiu o pen drive que deu a Karina. Jo\u00e3o pensa em promover um evento na Aquazen e Bianca fica animada. Lob\u00e3o finge ser bonzinho diante de Karina e Pedro se desespera. Jade agradece a Cobra por seu comportamento durante o ch\u00e1 de Lucr\u00e9cia.<\/p>\n<p>Os alunos da Ribalta falam sobre o evento de Jo\u00e3o. Jo\u00e3o exige a presen\u00e7a de Pedro na Aquazen. Gael sugere que Duca se inscreva no Warriors para conseguir dinheiro. Lob\u00e3o pensa em se vingar de Duca por causa de Nat. Bianca avisa a Gael da chegada de Karina \u00e0 Aquazen. Lob\u00e3o empurra Duca e o questiona sobre o paradeiro de Nat.<\/p>\n<p>(*) edi\u00e7\u00e3o das novelas da Globo, \u201cMalha\u00e7\u00e3o\u201d Sonhos, sujeito a altera\u00e7\u00e3o de data e conte\u00fado.<\/p>\n<p>Sinopse Novela &#8220;Malha\u00e7\u00e3o&#8221; Sonhos: Formar campe\u00f5es e repassar os princ\u00edpios das artes marciais para os alunos s\u00e3o alguns dos sonhos de Gael (Eriberto Le\u00e3o). Duca (Arthur Aguiar) \u00e9 seu melhor atleta. Ele est\u00e1 sempre acompanhado dos amigos Z\u00e9 (Bruno Fraga) e Marc\u00e3o (Jean Amorim). Karina (Isabella Santoni), filha de Gael, n\u00e3o aceita que o pai s\u00f3 tenha olhos para Duca e treina para ser uma grande lutadora. A ca\u00e7ula do mestre \u00e9 apaixonada pelo disc\u00edpulo do pai e n\u00e3o sabe que ele e sua irm\u00e3, Bianca (Bruna Ham\u00fa), est\u00e3o prestes a assumir o namoro.<\/p>\n","protected":false},"excerpt":{"rendered":"<p>Resumo da novela &#8220;Malha\u00e7\u00e3o&#8221; Sonhos em 15\/10: no cap\u00edtulo 189(*) da novela, Duca descobre que Dalva precisa operar Gael e Lob\u00e3o discutem e n\u00e3o veem Karina arrumar sua mochila. Z\u00e9, Marc\u00e3o e Sol visitam Dalva no hospital. Duca descobre que Dalva precisa fazer uma opera\u00e7\u00e3o de risco e que seu plano n\u00e3o cobre o procedimento. [&hellip;]<\/p>\n","protected":false},"author":4,"featured_media":202687,"comment_status":"closed","ping_status":"closed","sticky":false,"template":"","format":"standard","meta":{"tdm_status":"","tdm_grid_status":"","footnotes":""},"categories":[447,379,375,2025,343],"tags":[441],"class_list":{"0":"post-211446","1":"post","2":"type-post","3":"status-publish","4":"format-standard","5":"has-post-thumbnail","7":"category-malhacao","8":"category-novelas","9":"category-rede-globo","10":"category-resumo","11":"category-televisao","12":"tag-resumo-do-dia"},"_links":{"self":[{"href":"https:\/\/migracao.redenoticia.com.br\/noticia\/wp-json\/wp\/v2\/posts\/211446","targetHints":{"allow":["GET"]}}],"collection":[{"href":"https:\/\/migracao.redenoticia.com.br\/noticia\/wp-json\/wp\/v2\/posts"}],"about":[{"href":"https:\/\/migracao.redenoticia.com.br\/noticia\/wp-json\/wp\/v2\/types\/post"}],"author":[{"embeddable":true,"href":"https:\/\/migracao.redenoticia.com.br\/noticia\/wp-json\/wp\/v2\/users\/4"}],"replies":[{"embeddable":true,"href":"https:\/\/migracao.redenoticia.com.br\/noticia\/wp-json\/wp\/v2\/comments?post=211446"}],"version-history":[{"count":0,"href":"https:\/\/migracao.redenoticia.com.br\/noticia\/wp-json\/wp\/v2\/posts\/211446\/revisions"}],"wp:featuredmedia":[{"embeddable":true,"href":"https:\/\/migracao.redenoticia.com.br\/noticia\/wp-json\/wp\/v2\/media\/202687"}],"wp:attachment":[{"href":"https:\/\/migracao.redenoticia.com.br\/noticia\/wp-json\/wp\/v2\/media?parent=211446"}],"wp:term":[{"taxonomy":"category","embeddable":true,"href":"https:\/\/migracao.redenoticia.com.br\/noticia\/wp-json\/wp\/v2\/categories?post=211446"},{"taxonomy":"post_tag","embeddable":true,"href":"https:\/\/migracao.redenoticia.com.br\/noticia\/wp-json\/wp\/v2\/tags?post=211446"}],"curies":[{"name":"wp","href":"https:\/\/api.w.org\/{rel}","templated":true}]}}