{"id":211496,"date":"2021-10-15T12:04:43","date_gmt":"2021-10-15T15:04:43","guid":{"rendered":"https:\/\/www.redenoticia.com.br\/noticia\/?p=211496"},"modified":"2021-10-15T12:04:43","modified_gmt":"2021-10-15T15:04:43","slug":"resumo-pega-pega-16-10-eric-concorda-em-conceder-a-guarda-de-bebeth-para-sabine","status":"publish","type":"post","link":"https:\/\/migracao.redenoticia.com.br\/noticia\/2021\/resumo-pega-pega-16-10-eric-concorda-em-conceder-a-guarda-de-bebeth-para-sabine\/211496","title":{"rendered":"Resumo &#8220;Pega Pega&#8221; 16\/10: Eric concorda em conceder a guarda de Bebeth para Sabine"},"content":{"rendered":"<p><img loading=\"lazy\" decoding=\"async\" class=\"aligncenter size-full wp-image-208391\" src=\"https:\/\/migracao.redenoticia.com.br\/noticia\/imagens\/pega-pega-resumo-novela-elenco-personagens.jpeg\" alt=\"\" width=\"1280\" height=\"720\" srcset=\"https:\/\/migracao.redenoticia.com.br\/noticia\/imagens\/pega-pega-resumo-novela-elenco-personagens.jpeg 1280w, https:\/\/migracao.redenoticia.com.br\/noticia\/imagens\/pega-pega-resumo-novela-elenco-personagens-250x140.jpeg 250w, https:\/\/migracao.redenoticia.com.br\/noticia\/imagens\/pega-pega-resumo-novela-elenco-personagens-400x225.jpeg 400w, https:\/\/migracao.redenoticia.com.br\/noticia\/imagens\/pega-pega-resumo-novela-elenco-personagens-768x432.jpeg 768w, https:\/\/migracao.redenoticia.com.br\/noticia\/imagens\/pega-pega-resumo-novela-elenco-personagens-150x85.jpeg 150w\" sizes=\"auto, (max-width: 1280px) 100vw, 1280px\" \/><\/p>\n<p><em><strong>Resumo novela &#8220;Pega Pega&#8221;<\/strong><\/em> em 16\/10: no cap\u00edtulo 078(*) da novela, J\u00falio afirma a Dom\u00eanico que ele n\u00e3o merece Ant\u00f4nia. Malagueta conclui que o filho de M\u00f4nica tamb\u00e9m \u00e9 seu filho. Dom acusa Sabine de prejudicar as pessoas para conseguir o que deseja. Eric pede ajuda a Sandra Helena. Malagueta conta a Maria Pia que tem um filho com M\u00f4nica e que ir\u00e1 resgat\u00e1-lo do orfanato. Dom deixa claro a T\u00e2nia que a rela\u00e7\u00e3o entre eles acabou.<\/p>\n<p>Sandra Helena convida toda a vila para a festa em sua casa. Tim\u00f3teo diz a Ant\u00f4nia que agiu a mando de Eric. Pedrinho fica arrasado ao receber uma cita\u00e7\u00e3o da Receita Federal. Dom avisa a Luiza que Sabine quer que ela participe de uma reuni\u00e3o da empresa. Usando um disfarce, M\u00f4nica liberta Tim\u00f3teo da cadeia.18112017cap142.<\/p>\n<p>Maria Pia acusa Sabine<\/p>\n<p>M\u00f4nica afirma a Tim\u00f3teo que n\u00e3o lhe deve mais nada ap\u00f3s t\u00ea-lo livrado da pris\u00e3o. Sabine tenta conquistar a confian\u00e7a de Bebeth. Maria Pia informa a Malagueta que seu pai fugiu da pris\u00e3o. Bebeth comenta com Sabine que est\u00e1 decepcionada com Luiza. Dom\u00eanico encontra fotos de Pedrinho com Atha\u00edde e Tim\u00f3teo. Pedrinho comenta com Nelito que est\u00e1 com mau pressentimento.<\/p>\n<p>Eric concorda em conceder a guarda de Bebeth para Sabine. L\u00edgia promove um churrasco na casa de Sandra Helena. Maria Pia acusa Sabine de usar Bebeth. L\u00edgia se surpreende quando Sandra Helena lhe apresenta An\u00edbal.<\/p>\n<p>(*) edi\u00e7\u00e3o das novelas da Globo, &#8220;Pega Pega&#8221;, sujeito a altera\u00e7\u00e3o de data e conte\u00fado.<\/p>\n<p>Sinopse &#8220;Pega Pega&#8221;: a trama central \u00e9 o roubo ao Hotel Carioca Palace e seus desdobramentos na vida de cada um dos envolvidos, sejam eles h\u00f3spedes, suspeitos ou convidados do grande baile de gala. Neta do dono do Hotel, Lu\u00edza (Camila Queiroz), que vive por l\u00e1 desde crian\u00e7a, v\u00ea sua festa de 25 anos se transformar em uma grande investiga\u00e7\u00e3o policial.<\/p>\n<p>O roubo de 40 milh\u00f5es de d\u00f3lares do cofre, fruto da venda de Pedrinho Guimar\u00e3es (Marcos Caruso), sem consentimento da herdeira, do Carioca Palace para Eric Ribeiro (Mateus Solano), \u00e9 arquitetado por quatro funcion\u00e1rios: o concierge Malagueta (Marcelo Serrado), o gar\u00e7om J\u00falio (Thiago Martins), o recepcionista Agnaldo (Jo\u00e3o Baldasserini) e a camareira Sandra Helena (Nanda Costa). A princ\u00edpio eles hesitam, mas depois, diante de situa\u00e7\u00f5es limite na vida de cada um, topam participar do roubo.<\/p>\n","protected":false},"excerpt":{"rendered":"<p>Resumo novela &#8220;Pega Pega&#8221; em 16\/10: no cap\u00edtulo 078(*) da novela, J\u00falio afirma a Dom\u00eanico que ele n\u00e3o merece Ant\u00f4nia. Malagueta conclui que o filho de M\u00f4nica tamb\u00e9m \u00e9 seu filho. Dom acusa Sabine de prejudicar as pessoas para conseguir o que deseja. Eric pede ajuda a Sandra Helena. Malagueta conta a Maria Pia que [&hellip;]<\/p>\n","protected":false},"author":4,"featured_media":208390,"comment_status":"closed","ping_status":"closed","sticky":false,"template":"","format":"standard","meta":{"tdm_status":"","tdm_grid_status":"","footnotes":""},"categories":[379,2217,375,2025,343],"tags":[441],"class_list":{"0":"post-211496","1":"post","2":"type-post","3":"status-publish","4":"format-standard","5":"has-post-thumbnail","7":"category-novelas","8":"category-pega-pega","9":"category-rede-globo","10":"category-resumo","11":"category-televisao","12":"tag-resumo-do-dia"},"_links":{"self":[{"href":"https:\/\/migracao.redenoticia.com.br\/noticia\/wp-json\/wp\/v2\/posts\/211496","targetHints":{"allow":["GET"]}}],"collection":[{"href":"https:\/\/migracao.redenoticia.com.br\/noticia\/wp-json\/wp\/v2\/posts"}],"about":[{"href":"https:\/\/migracao.redenoticia.com.br\/noticia\/wp-json\/wp\/v2\/types\/post"}],"author":[{"embeddable":true,"href":"https:\/\/migracao.redenoticia.com.br\/noticia\/wp-json\/wp\/v2\/users\/4"}],"replies":[{"embeddable":true,"href":"https:\/\/migracao.redenoticia.com.br\/noticia\/wp-json\/wp\/v2\/comments?post=211496"}],"version-history":[{"count":0,"href":"https:\/\/migracao.redenoticia.com.br\/noticia\/wp-json\/wp\/v2\/posts\/211496\/revisions"}],"wp:featuredmedia":[{"embeddable":true,"href":"https:\/\/migracao.redenoticia.com.br\/noticia\/wp-json\/wp\/v2\/media\/208390"}],"wp:attachment":[{"href":"https:\/\/migracao.redenoticia.com.br\/noticia\/wp-json\/wp\/v2\/media?parent=211496"}],"wp:term":[{"taxonomy":"category","embeddable":true,"href":"https:\/\/migracao.redenoticia.com.br\/noticia\/wp-json\/wp\/v2\/categories?post=211496"},{"taxonomy":"post_tag","embeddable":true,"href":"https:\/\/migracao.redenoticia.com.br\/noticia\/wp-json\/wp\/v2\/tags?post=211496"}],"curies":[{"name":"wp","href":"https:\/\/api.w.org\/{rel}","templated":true}]}}