{"id":2115,"date":"2009-05-29T22:41:57","date_gmt":"2009-05-30T02:41:57","guid":{"rendered":"http:\/\/www.redenoticia.com.br\/noticia\/?p=2115"},"modified":"2009-05-29T22:41:57","modified_gmt":"2009-05-30T02:41:57","slug":"abracos-deste-sabado-30","status":"publish","type":"post","link":"https:\/\/migracao.redenoticia.com.br\/noticia\/2009\/abracos-deste-sabado-30\/2115","title":{"rendered":"Abra\u00e7os deste s\u00e1bado (30)"},"content":{"rendered":"<p><span style=\"font-size: 11.5pt; font-family: Verdana; color: #222222;\">-equipe envolvida na campanha de vacina\u00e7\u00e3o;<\/span><\/p>\n<p class=\"MsoNormal\" style=\"background: white none repeat scroll 0%; margin-bottom: 12pt;\"><span style=\"font-size: 11.5pt; font-family: Verdana; color: #222222;\">-para a Geralda, m\u00e3e e av\u00f3 exemplo de solidariedade;<\/span><\/p>\n<p class=\"MsoNormal\" style=\"background: white none repeat scroll 0%; margin-bottom: 12pt;\"><span style=\"font-size: 11.5pt; font-family: Verdana; color: #222222;\">-para a Paulinha do programa DE BEM COM A VIDA.<\/span><strong><span style=\"font-size: 11.5pt; font-family: Verdana; color: #222222;\"><\/span><\/strong><\/p>\n","protected":false},"excerpt":{"rendered":"<p>-equipe envolvida na campanha de vacina\u00e7\u00e3o; -para a Geralda, m\u00e3e e av\u00f3 exemplo de solidariedade; -para a Paulinha do programa DE BEM COM A VIDA.<\/p>\n","protected":false},"author":3,"featured_media":0,"comment_status":"open","ping_status":"open","sticky":false,"template":"","format":"standard","meta":{"tdm_status":"","tdm_grid_status":"","footnotes":""},"categories":[22],"tags":[],"class_list":{"0":"post-2115","1":"post","2":"type-post","3":"status-publish","4":"format-standard","6":"category-brasil"},"_links":{"self":[{"href":"https:\/\/migracao.redenoticia.com.br\/noticia\/wp-json\/wp\/v2\/posts\/2115","targetHints":{"allow":["GET"]}}],"collection":[{"href":"https:\/\/migracao.redenoticia.com.br\/noticia\/wp-json\/wp\/v2\/posts"}],"about":[{"href":"https:\/\/migracao.redenoticia.com.br\/noticia\/wp-json\/wp\/v2\/types\/post"}],"author":[{"embeddable":true,"href":"https:\/\/migracao.redenoticia.com.br\/noticia\/wp-json\/wp\/v2\/users\/3"}],"replies":[{"embeddable":true,"href":"https:\/\/migracao.redenoticia.com.br\/noticia\/wp-json\/wp\/v2\/comments?post=2115"}],"version-history":[{"count":0,"href":"https:\/\/migracao.redenoticia.com.br\/noticia\/wp-json\/wp\/v2\/posts\/2115\/revisions"}],"wp:attachment":[{"href":"https:\/\/migracao.redenoticia.com.br\/noticia\/wp-json\/wp\/v2\/media?parent=2115"}],"wp:term":[{"taxonomy":"category","embeddable":true,"href":"https:\/\/migracao.redenoticia.com.br\/noticia\/wp-json\/wp\/v2\/categories?post=2115"},{"taxonomy":"post_tag","embeddable":true,"href":"https:\/\/migracao.redenoticia.com.br\/noticia\/wp-json\/wp\/v2\/tags?post=2115"}],"curies":[{"name":"wp","href":"https:\/\/api.w.org\/{rel}","templated":true}]}}