{"id":211575,"date":"2021-10-18T15:54:56","date_gmt":"2021-10-18T18:54:56","guid":{"rendered":"https:\/\/www.redenoticia.com.br\/noticia\/?p=211575"},"modified":"2021-10-18T15:54:56","modified_gmt":"2021-10-18T18:54:56","slug":"resumo-coracao-indomavel-19-10-otavio-quer-tirar-lupita-de-maricruz","status":"publish","type":"post","link":"https:\/\/migracao.redenoticia.com.br\/noticia\/2021\/resumo-coracao-indomavel-19-10-otavio-quer-tirar-lupita-de-maricruz\/211575","title":{"rendered":"Resumo &#8220;Cora\u00e7\u00e3o Indom\u00e1vel&#8221; 19\/10: Ot\u00e1vio quer tirar Lupita de Maricruz"},"content":{"rendered":"<p><img loading=\"lazy\" decoding=\"async\" class=\"aligncenter size-full wp-image-206134\" src=\"https:\/\/migracao.redenoticia.com.br\/noticia\/imagens\/coracao-indomavel-resumo-novela-elenco.jpeg\" alt=\"\" width=\"1280\" height=\"720\" srcset=\"https:\/\/migracao.redenoticia.com.br\/noticia\/imagens\/coracao-indomavel-resumo-novela-elenco.jpeg 1280w, https:\/\/migracao.redenoticia.com.br\/noticia\/imagens\/coracao-indomavel-resumo-novela-elenco-250x140.jpeg 250w, https:\/\/migracao.redenoticia.com.br\/noticia\/imagens\/coracao-indomavel-resumo-novela-elenco-400x225.jpeg 400w, https:\/\/migracao.redenoticia.com.br\/noticia\/imagens\/coracao-indomavel-resumo-novela-elenco-768x432.jpeg 768w, https:\/\/migracao.redenoticia.com.br\/noticia\/imagens\/coracao-indomavel-resumo-novela-elenco-150x85.jpeg 150w\" sizes=\"auto, (max-width: 1280px) 100vw, 1280px\" \/><\/p>\n<p><strong><em>Resumo da novela &#8220;Cora\u00e7\u00e3o Indom\u00e1vel&#8221;<\/em><\/strong> em 19\/10: no cap\u00edtulo 106(*) da novela, Maricruz pergunta a Santa se pensa que \u00c1lvaro seria um bom pai e marido. Maricruz comenta com o Padre o que aconteceu com Perico e Natasha. Simone prop\u00f5e a Miguel que denuncie \u00c1lvaro e a companhia mineira de apoio a Maricruz. Clorinda diz a Esther que Simone est\u00e1 condenada.<\/p>\n<p>Simone exige que Miguel a diga qual sua verdadeira enfermidade. O Padre chega \u00e0 fazenda Estrela para falar com Natasha. O Padre pede a Natasha que deixe Perico em paz, ela responde que j\u00e1 n\u00e3o ser\u00e1 mais preciso, pois j\u00e1 encontrou outra pessoa para pintar. Ela prop\u00f5e ao Padre que se deixe pintar, em troca de deixar Perico em paz.<\/p>\n<p>Ot\u00e1vio pensa em tirar Lupita de Maricruz. O padre diz a Maricruz o que Natasha o prop\u00f4s, Perico entra e se zanga. Ot\u00e1vio pergunta a Simone se por alguma raz\u00e3o, tirar Lupita de Maricruz, se ela a aceitaria em sua casa. Perico reclama com o Padre por se meter em sua rela\u00e7\u00e3o com Natasha. Clorinda diz a Esther que Simone est\u00e1 tendo o que merece por ser t\u00e3o ego\u00edsta com o sofrimento alheio. Simone pergunta a Jos\u00e9 Antonio, se ele chegou a ser amante de Maricruz, ele nega. Miguel encontra \u00c1lvaro e Maricruz passeando e decide segui-los.<\/p>\n<p>Ot\u00e1vio entra e questiona Jos\u00e9 Antonio, ele insinua haver tido um caso com Maricruz. O Padre posa para Natasha. Ot\u00e1vio diz a Simone que colocaria as m\u00e3os no fogo por Maricruz, e que n\u00e3o acredita no que diz Jos\u00e9 Antonio. Natasha acaricia o Padre. Ele a obriga a se ajoelhar diante dele. Miguel diz a Ot\u00e1vio que viu Maricruz sair para passear com \u00c1lvaro, e o convence a ir v\u00ea-los juntos. Ot\u00e1vio v\u00ea \u00c1lvaro abra\u00e7ar Maricruz, quando ela trope\u00e7a e ele a ajuda para que ela n\u00e3o caia. Na fazenda de Simone, Ot\u00e1vio diz a Simone que j\u00e1 decidiu tirar a filha de Maricruz. Ot\u00e1vio diz a Miguel que ficar\u00e1 com Lupita sem se importar com o que Simone diga ou fa\u00e7a.<\/p>\n<p>(*) edi\u00e7\u00e3o das novelas do SBT, &#8220;Cora\u00e7\u00e3o Indom\u00e1vel&#8221;, sujeito a altera\u00e7\u00e3o de data e conte\u00fado.<\/p>\n<p>Sinopse &#8220;Cora\u00e7\u00e3o Indom\u00e1vel&#8221;: A novela conta a hist\u00f3ria da pobre Maricruz que, ap\u00f3s ter sido abandonada pelo marido, decide se vingar daqueles que a humilharam. Ela descobre ser filha de um homem rico, tornando-se uma mulher da alta sociedade.<\/p>\n","protected":false},"excerpt":{"rendered":"<p>Resumo da novela &#8220;Cora\u00e7\u00e3o Indom\u00e1vel&#8221; em 19\/10: no cap\u00edtulo 106(*) da novela, Maricruz pergunta a Santa se pensa que \u00c1lvaro seria um bom pai e marido. Maricruz comenta com o Padre o que aconteceu com Perico e Natasha. Simone prop\u00f5e a Miguel que denuncie \u00c1lvaro e a companhia mineira de apoio a Maricruz. Clorinda diz [&hellip;]<\/p>\n","protected":false},"author":4,"featured_media":206133,"comment_status":"closed","ping_status":"closed","sticky":false,"template":"","format":"standard","meta":{"tdm_status":"","tdm_grid_status":"","footnotes":""},"categories":[2200,379,2025,372,343],"tags":[441],"class_list":{"0":"post-211575","1":"post","2":"type-post","3":"status-publish","4":"format-standard","5":"has-post-thumbnail","7":"category-coracao-indomavel","8":"category-novelas","9":"category-resumo","10":"category-sbt","11":"category-televisao","12":"tag-resumo-do-dia"},"_links":{"self":[{"href":"https:\/\/migracao.redenoticia.com.br\/noticia\/wp-json\/wp\/v2\/posts\/211575","targetHints":{"allow":["GET"]}}],"collection":[{"href":"https:\/\/migracao.redenoticia.com.br\/noticia\/wp-json\/wp\/v2\/posts"}],"about":[{"href":"https:\/\/migracao.redenoticia.com.br\/noticia\/wp-json\/wp\/v2\/types\/post"}],"author":[{"embeddable":true,"href":"https:\/\/migracao.redenoticia.com.br\/noticia\/wp-json\/wp\/v2\/users\/4"}],"replies":[{"embeddable":true,"href":"https:\/\/migracao.redenoticia.com.br\/noticia\/wp-json\/wp\/v2\/comments?post=211575"}],"version-history":[{"count":0,"href":"https:\/\/migracao.redenoticia.com.br\/noticia\/wp-json\/wp\/v2\/posts\/211575\/revisions"}],"wp:featuredmedia":[{"embeddable":true,"href":"https:\/\/migracao.redenoticia.com.br\/noticia\/wp-json\/wp\/v2\/media\/206133"}],"wp:attachment":[{"href":"https:\/\/migracao.redenoticia.com.br\/noticia\/wp-json\/wp\/v2\/media?parent=211575"}],"wp:term":[{"taxonomy":"category","embeddable":true,"href":"https:\/\/migracao.redenoticia.com.br\/noticia\/wp-json\/wp\/v2\/categories?post=211575"},{"taxonomy":"post_tag","embeddable":true,"href":"https:\/\/migracao.redenoticia.com.br\/noticia\/wp-json\/wp\/v2\/tags?post=211575"}],"curies":[{"name":"wp","href":"https:\/\/api.w.org\/{rel}","templated":true}]}}