{"id":211591,"date":"2021-10-18T16:04:23","date_gmt":"2021-10-18T19:04:23","guid":{"rendered":"https:\/\/www.redenoticia.com.br\/noticia\/?p=211591"},"modified":"2021-10-18T16:04:23","modified_gmt":"2021-10-18T19:04:23","slug":"resumo-imperio-19-10-jose-pedro-e-encontrado-caido-na-sauna","status":"publish","type":"post","link":"https:\/\/migracao.redenoticia.com.br\/noticia\/2021\/resumo-imperio-19-10-jose-pedro-e-encontrado-caido-na-sauna\/211591","title":{"rendered":"Resumo \u201cImp\u00e9rio\u201d 19\/10: Jos\u00e9 Pedro \u00e9 encontrado ca\u00eddo na sauna"},"content":{"rendered":"<p><img loading=\"lazy\" decoding=\"async\" class=\"aligncenter size-full wp-image-205063\" src=\"https:\/\/migracao.redenoticia.com.br\/noticia\/imagens\/novela-imperio-resumo-elenco.jpeg\" alt=\"\" width=\"1280\" height=\"720\" srcset=\"https:\/\/migracao.redenoticia.com.br\/noticia\/imagens\/novela-imperio-resumo-elenco.jpeg 1280w, https:\/\/migracao.redenoticia.com.br\/noticia\/imagens\/novela-imperio-resumo-elenco-250x140.jpeg 250w, https:\/\/migracao.redenoticia.com.br\/noticia\/imagens\/novela-imperio-resumo-elenco-400x225.jpeg 400w, https:\/\/migracao.redenoticia.com.br\/noticia\/imagens\/novela-imperio-resumo-elenco-768x432.jpeg 768w, https:\/\/migracao.redenoticia.com.br\/noticia\/imagens\/novela-imperio-resumo-elenco-150x85.jpeg 150w\" sizes=\"auto, (max-width: 1280px) 100vw, 1280px\" \/><\/p>\n<p><em><strong>Resumo novela \u201cImp\u00e9rio\u201d<\/strong><\/em> em 19\/10: no cap\u00edtulo 164(*) da novela, Jo\u00e3o Lucas intercede por Jos\u00e9 Pedro junto ao pai. Jos\u00e9 Pedro percebe que est\u00e1 preso na sauna e grita por socorro. Enrico tenta se reaproximar de Maria Clara. O funcion\u00e1rio da limpeza encontra Jos\u00e9 Pedro ca\u00eddo na sauna e chama a emerg\u00eancia. Juliane estranha o comportamento de Orville. Salvador dorme com moradores de rua. T\u00e9o pede para Lorraine convencer Silviano a lhe dar uma entrevista.<\/p>\n<p>Jos\u00e9 Pedro se recusa a voltar para a casa de Jos\u00e9 Alfredo. Helena e Orville saem \u00e0 procura de Salvador. Danielle e Marta se enfrentam. Vicente pede Maria Clara em casamento na frente de Enrico. Cristina v\u00ea o v\u00eddeo que Reginaldo e Jurema usavam para chantagear Cora. Maur\u00edlio mostra a Danielle os quatro peda\u00e7os do diamante cor-de-rosa.<\/p>\n<p>(*) edi\u00e7\u00e3o das novelas da Globo, \u201cImp\u00e9rio\u201d, sujeito a altera\u00e7\u00e3o de data e conte\u00fado.<\/p>\n<p>Sinopse Novela &#8220;Imp\u00e9rio&#8221;: hist\u00f3ria do pernambucano Jos\u00e9 Alfredo de Medeiros (Chay Suede\/Alexandre Nero), o homem de preto. Dono de uma rede de joalherias, o Comendador tem tr\u00eas filhos com a aristocrata falida Maria Marta Mendon\u00e7a e Albuquerque (Adriana Birolli\/Lilia Cabral): Jos\u00e9 Pedro (Caio Blat), Maria Clara (Andreia Horta) e Jo\u00e3o Lucas (Daniel Rocha). Os tr\u00eas disputam a heran\u00e7a da empresa constru\u00edda pelo pai.<\/p>\n","protected":false},"excerpt":{"rendered":"<p>Resumo novela \u201cImp\u00e9rio\u201d em 19\/10: no cap\u00edtulo 164(*) da novela, Jo\u00e3o Lucas intercede por Jos\u00e9 Pedro junto ao pai. Jos\u00e9 Pedro percebe que est\u00e1 preso na sauna e grita por socorro. Enrico tenta se reaproximar de Maria Clara. O funcion\u00e1rio da limpeza encontra Jos\u00e9 Pedro ca\u00eddo na sauna e chama a emerg\u00eancia. Juliane estranha o [&hellip;]<\/p>\n","protected":false},"author":4,"featured_media":205061,"comment_status":"closed","ping_status":"closed","sticky":false,"template":"","format":"standard","meta":{"tdm_status":"","tdm_grid_status":"","footnotes":""},"categories":[2196,379,375,2025,343],"tags":[441],"class_list":{"0":"post-211591","1":"post","2":"type-post","3":"status-publish","4":"format-standard","5":"has-post-thumbnail","7":"category-imperio","8":"category-novelas","9":"category-rede-globo","10":"category-resumo","11":"category-televisao","12":"tag-resumo-do-dia"},"_links":{"self":[{"href":"https:\/\/migracao.redenoticia.com.br\/noticia\/wp-json\/wp\/v2\/posts\/211591","targetHints":{"allow":["GET"]}}],"collection":[{"href":"https:\/\/migracao.redenoticia.com.br\/noticia\/wp-json\/wp\/v2\/posts"}],"about":[{"href":"https:\/\/migracao.redenoticia.com.br\/noticia\/wp-json\/wp\/v2\/types\/post"}],"author":[{"embeddable":true,"href":"https:\/\/migracao.redenoticia.com.br\/noticia\/wp-json\/wp\/v2\/users\/4"}],"replies":[{"embeddable":true,"href":"https:\/\/migracao.redenoticia.com.br\/noticia\/wp-json\/wp\/v2\/comments?post=211591"}],"version-history":[{"count":0,"href":"https:\/\/migracao.redenoticia.com.br\/noticia\/wp-json\/wp\/v2\/posts\/211591\/revisions"}],"wp:featuredmedia":[{"embeddable":true,"href":"https:\/\/migracao.redenoticia.com.br\/noticia\/wp-json\/wp\/v2\/media\/205061"}],"wp:attachment":[{"href":"https:\/\/migracao.redenoticia.com.br\/noticia\/wp-json\/wp\/v2\/media?parent=211591"}],"wp:term":[{"taxonomy":"category","embeddable":true,"href":"https:\/\/migracao.redenoticia.com.br\/noticia\/wp-json\/wp\/v2\/categories?post=211591"},{"taxonomy":"post_tag","embeddable":true,"href":"https:\/\/migracao.redenoticia.com.br\/noticia\/wp-json\/wp\/v2\/tags?post=211591"}],"curies":[{"name":"wp","href":"https:\/\/api.w.org\/{rel}","templated":true}]}}