{"id":211612,"date":"2021-10-19T16:09:07","date_gmt":"2021-10-19T19:09:07","guid":{"rendered":"https:\/\/www.redenoticia.com.br\/noticia\/?p=211612"},"modified":"2021-10-19T16:09:07","modified_gmt":"2021-10-19T19:09:07","slug":"resumo-te-dou-a-vida-20-10-gina-tenta-obrigar-o-pai-a-readmitir-pedro","status":"publish","type":"post","link":"https:\/\/migracao.redenoticia.com.br\/noticia\/2021\/resumo-te-dou-a-vida-20-10-gina-tenta-obrigar-o-pai-a-readmitir-pedro\/211612","title":{"rendered":"Resumo &#8220;Te dou a vida&#8221; 20\/10: Gina tenta obrigar o pai a readmitir Pedro"},"content":{"rendered":"<p><img loading=\"lazy\" decoding=\"async\" class=\"aligncenter size-full wp-image-210432\" src=\"https:\/\/migracao.redenoticia.com.br\/noticia\/imagens\/te-dou-a-vida-elenco-personagem-novela-resumo.jpeg\" alt=\"\" width=\"1280\" height=\"720\" srcset=\"https:\/\/migracao.redenoticia.com.br\/noticia\/imagens\/te-dou-a-vida-elenco-personagem-novela-resumo.jpeg 1280w, https:\/\/migracao.redenoticia.com.br\/noticia\/imagens\/te-dou-a-vida-elenco-personagem-novela-resumo-250x140.jpeg 250w, https:\/\/migracao.redenoticia.com.br\/noticia\/imagens\/te-dou-a-vida-elenco-personagem-novela-resumo-400x225.jpeg 400w, https:\/\/migracao.redenoticia.com.br\/noticia\/imagens\/te-dou-a-vida-elenco-personagem-novela-resumo-768x432.jpeg 768w, https:\/\/migracao.redenoticia.com.br\/noticia\/imagens\/te-dou-a-vida-elenco-personagem-novela-resumo-150x85.jpeg 150w\" sizes=\"auto, (max-width: 1280px) 100vw, 1280px\" \/><\/p>\n<p><strong><em>Resumo da novela &#8220;Te dou a vida&#8221;<\/em><\/strong> em 20\/10: no cap\u00edtulo 023(*) da novela, Nelson encontra a filha inconsciente e a leva para o hospital. Helena decide falar com a psic\u00f3loga de Nico e se abre para ela, dizendo que Ernesto n\u00e3o \u00e9 o mesmo homem por quem ela se apaixonou no passado. Helena tenta convencer Ernesto a que fa\u00e7am terapia de casal, mas ele se nega.<\/p>\n<p>Pedro visita Gina no hospital e deixa claro que n\u00e3o pretende voltar com ela. Hor\u00e1cio descobre que Andreia mentiu sobre a viagem. Pedro volta a procurar Nelson para quitar tudo que lhe deve. Gina tenta obrigar o pai a readmitir Pedro, mas ele se nega a voltar.<\/p>\n<p>(*) edi\u00e7\u00e3o das novelas do SBT, &#8220;Te dou a vida&#8221;, sujeito a altera\u00e7\u00e3o de data e conte\u00fado.<\/p>\n<p>Sinopse &#8220;Te dou a vida&#8221;: Nicol\u00e1s (Leonardo Herrera) \u00e9 um garoto de apenas seis anos de idade que padece de leucemia, e necessita de um transplante de medula. Elena (Eva Cede\u00f1o) e Ernesto (Jorge Salinas) s\u00e3o um casal e pais adotivos do menino. Diante da situa\u00e7\u00e3o, o casal decide ir atr\u00e1s do pai biol\u00f3gico da crian\u00e7a, Pedro (Jos\u00e9 Ron). Ele ficar\u00e1 comovido ao conhecer o filho e se aproximar\u00e1 dele e da m\u00e3e adotiva de uma forma muito especial.<\/p>\n","protected":false},"excerpt":{"rendered":"<p>Resumo da novela &#8220;Te dou a vida&#8221; em 20\/10: no cap\u00edtulo 023(*) da novela, Nelson encontra a filha inconsciente e a leva para o hospital. Helena decide falar com a psic\u00f3loga de Nico e se abre para ela, dizendo que Ernesto n\u00e3o \u00e9 o mesmo homem por quem ela se apaixonou no passado. Helena tenta [&hellip;]<\/p>\n","protected":false},"author":4,"featured_media":0,"comment_status":"closed","ping_status":"closed","sticky":false,"template":"","format":"standard","meta":{"tdm_status":"","tdm_grid_status":"","footnotes":""},"categories":[379,2025,372,2220,343],"tags":[441],"class_list":{"0":"post-211612","1":"post","2":"type-post","3":"status-publish","4":"format-standard","6":"category-novelas","7":"category-resumo","8":"category-sbt","9":"category-te-dou-a-vida","10":"category-televisao","11":"tag-resumo-do-dia"},"_links":{"self":[{"href":"https:\/\/migracao.redenoticia.com.br\/noticia\/wp-json\/wp\/v2\/posts\/211612","targetHints":{"allow":["GET"]}}],"collection":[{"href":"https:\/\/migracao.redenoticia.com.br\/noticia\/wp-json\/wp\/v2\/posts"}],"about":[{"href":"https:\/\/migracao.redenoticia.com.br\/noticia\/wp-json\/wp\/v2\/types\/post"}],"author":[{"embeddable":true,"href":"https:\/\/migracao.redenoticia.com.br\/noticia\/wp-json\/wp\/v2\/users\/4"}],"replies":[{"embeddable":true,"href":"https:\/\/migracao.redenoticia.com.br\/noticia\/wp-json\/wp\/v2\/comments?post=211612"}],"version-history":[{"count":0,"href":"https:\/\/migracao.redenoticia.com.br\/noticia\/wp-json\/wp\/v2\/posts\/211612\/revisions"}],"wp:attachment":[{"href":"https:\/\/migracao.redenoticia.com.br\/noticia\/wp-json\/wp\/v2\/media?parent=211612"}],"wp:term":[{"taxonomy":"category","embeddable":true,"href":"https:\/\/migracao.redenoticia.com.br\/noticia\/wp-json\/wp\/v2\/categories?post=211612"},{"taxonomy":"post_tag","embeddable":true,"href":"https:\/\/migracao.redenoticia.com.br\/noticia\/wp-json\/wp\/v2\/tags?post=211612"}],"curies":[{"name":"wp","href":"https:\/\/api.w.org\/{rel}","templated":true}]}}