{"id":2117,"date":"2009-05-29T23:02:46","date_gmt":"2009-05-30T03:02:46","guid":{"rendered":"http:\/\/www.redenoticia.com.br\/noticia\/?p=2117"},"modified":"2009-05-30T00:14:59","modified_gmt":"2009-05-30T04:14:59","slug":"cassol-pede-revogacao-de-decisao-judicial","status":"publish","type":"post","link":"https:\/\/migracao.redenoticia.com.br\/noticia\/2009\/cassol-pede-revogacao-de-decisao-judicial\/2117","title":{"rendered":"Cassol pede revoga\u00e7\u00e3o de decis\u00e3o judicial"},"content":{"rendered":"<p class=\"MsoNormal\"><span style=\"font-size: 11pt; font-family: Arial;\">Os advogados do governador de Rond\u00f4nia, Ivo Cassol, entraram com recurso nesta sexta-feira (29) no Tribunal Regional Federal da 1\u00aa Regi\u00e3o (TRF-1) para suspender a decis\u00e3o judicial de afastamento do cargo por 90 dias.<\/span><\/p>\n<p>A decis\u00e3o judicial desta quinta (28) fixou 48 horas para que o vice-governador, Jo\u00e3o Cahula, assuma por 90 dias o cargo de governador.<\/p>\n<p>O desembargador Tourinho Neto far\u00e1 a an\u00e1lise do recurso. A decis\u00e3o pode ser anunciada ainda hoje.<\/p>\n<p class=\"MsoNormal\"><span style=\"font-size: 11pt; font-family: Arial;\"><br \/>\nNa a\u00e7\u00e3o o Minist\u00e9rio P\u00fablico acusa o Governador Cassol de obstruir investiga\u00e7\u00f5es e coagir testemunhas atrav\u00e9s de delegados da Pol\u00edcia Civil. Cassol responde por suposta compra de votos nas elei\u00e7\u00f5es de 2006.<\/span><\/p>\n","protected":false},"excerpt":{"rendered":"<p>Os advogados do governador de Rond\u00f4nia, Ivo Cassol, entraram com recurso nesta sexta-feira (29) no Tribunal Regional Federal da 1\u00aa Regi\u00e3o (TRF-1) para suspender a decis\u00e3o judicial de afastamento do cargo por 90 dias. A decis\u00e3o judicial desta quinta (28) fixou 48 horas para que o vice-governador, Jo\u00e3o Cahula, assuma por 90 dias o cargo [&hellip;]<\/p>\n","protected":false},"author":3,"featured_media":0,"comment_status":"open","ping_status":"open","sticky":false,"template":"","format":"standard","meta":{"tdm_status":"","tdm_grid_status":"","footnotes":""},"categories":[22],"tags":[],"class_list":{"0":"post-2117","1":"post","2":"type-post","3":"status-publish","4":"format-standard","6":"category-brasil"},"_links":{"self":[{"href":"https:\/\/migracao.redenoticia.com.br\/noticia\/wp-json\/wp\/v2\/posts\/2117","targetHints":{"allow":["GET"]}}],"collection":[{"href":"https:\/\/migracao.redenoticia.com.br\/noticia\/wp-json\/wp\/v2\/posts"}],"about":[{"href":"https:\/\/migracao.redenoticia.com.br\/noticia\/wp-json\/wp\/v2\/types\/post"}],"author":[{"embeddable":true,"href":"https:\/\/migracao.redenoticia.com.br\/noticia\/wp-json\/wp\/v2\/users\/3"}],"replies":[{"embeddable":true,"href":"https:\/\/migracao.redenoticia.com.br\/noticia\/wp-json\/wp\/v2\/comments?post=2117"}],"version-history":[{"count":0,"href":"https:\/\/migracao.redenoticia.com.br\/noticia\/wp-json\/wp\/v2\/posts\/2117\/revisions"}],"wp:attachment":[{"href":"https:\/\/migracao.redenoticia.com.br\/noticia\/wp-json\/wp\/v2\/media?parent=2117"}],"wp:term":[{"taxonomy":"category","embeddable":true,"href":"https:\/\/migracao.redenoticia.com.br\/noticia\/wp-json\/wp\/v2\/categories?post=2117"},{"taxonomy":"post_tag","embeddable":true,"href":"https:\/\/migracao.redenoticia.com.br\/noticia\/wp-json\/wp\/v2\/tags?post=2117"}],"curies":[{"name":"wp","href":"https:\/\/api.w.org\/{rel}","templated":true}]}}