{"id":211711,"date":"2021-10-21T12:26:41","date_gmt":"2021-10-21T15:26:41","guid":{"rendered":"https:\/\/www.redenoticia.com.br\/noticia\/?p=211711"},"modified":"2021-10-21T12:26:41","modified_gmt":"2021-10-21T15:26:41","slug":"resumo-coracao-indomavel-22-10-otavio-esta-decidido-confrontar-maricruz","status":"publish","type":"post","link":"https:\/\/migracao.redenoticia.com.br\/noticia\/2021\/resumo-coracao-indomavel-22-10-otavio-esta-decidido-confrontar-maricruz\/211711","title":{"rendered":"Resumo &#8220;Cora\u00e7\u00e3o Indom\u00e1vel&#8221; 22\/10: Ot\u00e1vio est\u00e1 decidido confrontar Maricruz"},"content":{"rendered":"<p><img loading=\"lazy\" decoding=\"async\" class=\"aligncenter size-full wp-image-206134\" src=\"https:\/\/migracao.redenoticia.com.br\/noticia\/imagens\/coracao-indomavel-resumo-novela-elenco.jpeg\" alt=\"\" width=\"1280\" height=\"720\" srcset=\"https:\/\/migracao.redenoticia.com.br\/noticia\/imagens\/coracao-indomavel-resumo-novela-elenco.jpeg 1280w, https:\/\/migracao.redenoticia.com.br\/noticia\/imagens\/coracao-indomavel-resumo-novela-elenco-250x140.jpeg 250w, https:\/\/migracao.redenoticia.com.br\/noticia\/imagens\/coracao-indomavel-resumo-novela-elenco-400x225.jpeg 400w, https:\/\/migracao.redenoticia.com.br\/noticia\/imagens\/coracao-indomavel-resumo-novela-elenco-768x432.jpeg 768w, https:\/\/migracao.redenoticia.com.br\/noticia\/imagens\/coracao-indomavel-resumo-novela-elenco-150x85.jpeg 150w\" sizes=\"auto, (max-width: 1280px) 100vw, 1280px\" \/><\/p>\n<p><strong><em>Resumo da novela &#8220;Cora\u00e7\u00e3o Indom\u00e1vel&#8221;<\/em><\/strong> em 22\/10: no cap\u00edtulo 109(*) da novela, \u00c1lvaro diz a Maricruz que n\u00e3o vai poder seguir se hospedando em sua casa, e que procurar\u00e1 outro lugar onde viver. Ot\u00e1vio diz a Simone que pretende se casar com Maricruz e que acredita que ele amar\u00e1 Lupita como se fosse sua pr\u00f3pria filha. Maricruz pede a \u00c1lvaro que fique em casa, e ele a pergunta se porventura ela poderia aceit\u00e1-lo como esposo.<\/p>\n<p>Simone diz a Ot\u00e1vio que suas inten\u00e7\u00f5es de fazer sofrer Maricruz \u00e9 s\u00f3 porque sente que eles permanecem ligados. Miguel se zanga ao saber que colocaram Lupita no mesmo quarto que Miguelzinho. Abelardo diz a Nilda que ela ter\u00e1 que esperar sua morte para que possa receber todo o seu dinheiro. Santa recomenda a Maricruz que se case rapidamente com \u00c1lvaro, antes que ele acabe se cansando. Miguel diz a Ot\u00e1vio que Simone acomodou Lupita junto a Miguelzinho porque n\u00e3o quer que a menina fique pr\u00f3xima a seu filho.<\/p>\n<p>(*) edi\u00e7\u00e3o das novelas do SBT, &#8220;Cora\u00e7\u00e3o Indom\u00e1vel&#8221;, sujeito a altera\u00e7\u00e3o de data e conte\u00fado.<\/p>\n<p>Sinopse &#8220;Cora\u00e7\u00e3o Indom\u00e1vel&#8221;: A novela conta a hist\u00f3ria da pobre Maricruz que, ap\u00f3s ter sido abandonada pelo marido, decide se vingar daqueles que a humilharam. Ela descobre ser filha de um homem rico, tornando-se uma mulher da alta sociedade.<\/p>\n","protected":false},"excerpt":{"rendered":"<p>Resumo da novela &#8220;Cora\u00e7\u00e3o Indom\u00e1vel&#8221; em 22\/10: no cap\u00edtulo 109(*) da novela, \u00c1lvaro diz a Maricruz que n\u00e3o vai poder seguir se hospedando em sua casa, e que procurar\u00e1 outro lugar onde viver. Ot\u00e1vio diz a Simone que pretende se casar com Maricruz e que acredita que ele amar\u00e1 Lupita como se fosse sua pr\u00f3pria [&hellip;]<\/p>\n","protected":false},"author":4,"featured_media":206133,"comment_status":"closed","ping_status":"closed","sticky":false,"template":"","format":"standard","meta":{"tdm_status":"","tdm_grid_status":"","footnotes":""},"categories":[2200,379,2025,372,343],"tags":[441],"class_list":{"0":"post-211711","1":"post","2":"type-post","3":"status-publish","4":"format-standard","5":"has-post-thumbnail","7":"category-coracao-indomavel","8":"category-novelas","9":"category-resumo","10":"category-sbt","11":"category-televisao","12":"tag-resumo-do-dia"},"_links":{"self":[{"href":"https:\/\/migracao.redenoticia.com.br\/noticia\/wp-json\/wp\/v2\/posts\/211711","targetHints":{"allow":["GET"]}}],"collection":[{"href":"https:\/\/migracao.redenoticia.com.br\/noticia\/wp-json\/wp\/v2\/posts"}],"about":[{"href":"https:\/\/migracao.redenoticia.com.br\/noticia\/wp-json\/wp\/v2\/types\/post"}],"author":[{"embeddable":true,"href":"https:\/\/migracao.redenoticia.com.br\/noticia\/wp-json\/wp\/v2\/users\/4"}],"replies":[{"embeddable":true,"href":"https:\/\/migracao.redenoticia.com.br\/noticia\/wp-json\/wp\/v2\/comments?post=211711"}],"version-history":[{"count":0,"href":"https:\/\/migracao.redenoticia.com.br\/noticia\/wp-json\/wp\/v2\/posts\/211711\/revisions"}],"wp:featuredmedia":[{"embeddable":true,"href":"https:\/\/migracao.redenoticia.com.br\/noticia\/wp-json\/wp\/v2\/media\/206133"}],"wp:attachment":[{"href":"https:\/\/migracao.redenoticia.com.br\/noticia\/wp-json\/wp\/v2\/media?parent=211711"}],"wp:term":[{"taxonomy":"category","embeddable":true,"href":"https:\/\/migracao.redenoticia.com.br\/noticia\/wp-json\/wp\/v2\/categories?post=211711"},{"taxonomy":"post_tag","embeddable":true,"href":"https:\/\/migracao.redenoticia.com.br\/noticia\/wp-json\/wp\/v2\/tags?post=211711"}],"curies":[{"name":"wp","href":"https:\/\/api.w.org\/{rel}","templated":true}]}}